{"id":911,"date":"2026-06-20T04:46:51","date_gmt":"2026-06-20T04:46:51","guid":{"rendered":"https:\/\/newslabturkey.org\/sojo\/?p=911"},"modified":"2026-06-20T04:46:51","modified_gmt":"2026-06-20T04:46:51","slug":"muzelerde-seffaflik-nasil-saglanir","status":"publish","type":"post","link":"https:\/\/newslabturkey.org\/sojo\/2026\/06\/20\/muzelerde-seffaflik-nasil-saglanir\/","title":{"rendered":"M\u00fczelerde \u015feffafl\u0131k nas\u0131l sa\u011flan\u0131r?"},"content":{"rendered":"\n<p class=\"wp-block-paragraph\"><a href=\"https:\/\/muzir.org\/2026\/06\/03\/muzelerin-sergilemedikleri-turkiye-muzeciliginde-seffaflik-ne-durumda\/\">M\u00fczeler ve \u015feffafl\u0131k konulu yaz\u0131 dizisinin ilk k\u0131sm\u0131nda<\/a>, m\u00fczelerde \u015feffafl\u0131\u011fa neden ihtiya\u00e7 duyuldu\u011fundan bahsedip, yurtd\u0131\u015f\u0131ndaki baz\u0131 iyi \u00f6rnekleri ve T\u00fcrkiye\u2019den se\u00e7ti\u011fimiz \u00fc\u00e7 m\u00fczenin \u015feffafl\u0131k durumunun tablosunu sizlerle payla\u015fm\u0131\u015ft\u0131k.&nbsp;<\/p>\n\n\n\n<p class=\"wp-block-paragraph\">Bu b\u00f6l\u00fcmde ise T\u00fcrkiye\u2019de m\u00fcze ve sergileme alan\u0131nda \u00e7al\u0131\u015fmalar\u0131 olan ve \u015feffafl\u0131k tart\u0131\u015fmalar\u0131yla yak\u0131ndan ilgili \u00fc\u00e7 ki\u015fiyle yapt\u0131\u011f\u0131m\u0131z g\u00f6r\u00fc\u015fmelerden yola \u00e7\u0131karak baz\u0131 iyile\u015ftirme \u00f6nerilerini sizlerle payla\u015faca\u011f\u0131z. Bu ba\u011flamda Salt\u2019\u0131n kurucusu, k\u00fcrat\u00f6r ve ara\u015ft\u0131rmac\u0131 Vas\u0131f Kortun, akademisyen ve ara\u015ft\u0131rmac\u0131 Ay\u015fe Hazar K\u00f6ksel ve M\u00fcze \u00c7al\u0131\u015fma Grubu\u2019ndan G\u00fcl I\u015f\u0131n ve Hilmi Uysal ile yapt\u0131\u011f\u0131m\u0131z g\u00f6r\u00fc\u015fmelerden baz\u0131 kesitlerle devam edece\u011fiz.&nbsp;<\/p>\n\n\n\n<p class=\"wp-block-paragraph\">Vas\u0131f Kortun\u2019a y\u00f6neltilen sorular, SALT\u2019\u0131n bir ar\u015fiv olmas\u0131 ve T\u00fcrkiye\u2019de alan\u0131ndaki en geli\u015fmi\u015f kurum olmas\u0131 \u00fczerinden in\u015fa edildi. Vas\u0131f Kortun, \u0130stanbul Bienali\u2019nin ilk k\u00fcrat\u00f6rlerinden olmas\u0131 ve uzun y\u0131llar k\u00fclt\u00fcr-sanat alan\u0131nda pek \u00e7ok farkl\u0131 kurumda rol almas\u0131 nedeniyle, farkl\u0131 kurum politikalar\u0131na da a\u015fina. CIMAM (International Committee for Museums and Collections of Modern Art)\u2019daki rol\u00fc nedeniyle de uluslararas\u0131 \u00f6rnekler hakk\u0131nda bilgi sahibi olmas\u0131 Kortun\u2019un a\u00e7\u0131klamalar\u0131n\u0131 \u00e7ok \u00f6nemli k\u0131l\u0131yor.&nbsp;<\/p>\n\n\n\n<p class=\"wp-block-paragraph\">Ay\u015fe Hazar K\u00f6ksal ise MSGS\u00dc \u0130stanbul Resim Heykel M\u00fczesi (\u0130RHM)\u2019ni doktora tezine konu etmi\u015f bir ara\u015ft\u0131rmac\u0131. Kendisi ara\u015ft\u0131rma s\u00fcrecinde \u0130RHM\u2019nin y\u0131llar s\u00fcren maceras\u0131n\u0131n izini adeta bir dedektif titizli\u011fi ile ar\u015fivlerden ve bireysel g\u00f6r\u00fc\u015fmelerden edinerek s\u00fcrd\u00fc. \u00c7al\u0131\u015fmas\u0131n\u0131 kitapla\u015ft\u0131rmas\u0131 hem \u015feffafl\u0131k hem de T\u00fcrkiye modern sanat tarihinin kurumsalla\u015fmas\u0131 a\u00e7\u0131s\u0131ndan \u00e7ok \u00f6nemli bir kaynak eksikli\u011fini giderdi.&nbsp;<\/p>\n\n\n\n<p class=\"wp-block-paragraph\">Son olarak M\u00fcze \u00c7al\u0131\u015fma Grubu ise, yaz\u0131 serisinin ilk yaz\u0131s\u0131nda bahsetti\u011fimiz Antalya Arkeoloji M\u00fczesi\u2019nin y\u0131k\u0131l\u0131\u015f\u0131 s\u00fcrecinin ilk elden tan\u0131kl\u0131\u011f\u0131n\u0131 yapm\u0131\u015f olmalar\u0131 a\u00e7\u0131s\u0131ndan \u00e7ok k\u0131ymetli. Grubun s\u00f6zc\u00fcl\u00fc\u011f\u00fcn\u00fc yapanlardan G\u00fcl I\u015f\u0131n ve Hilmi Uysal bizlerle s\u00fcreci; hem kendi a\u00e7\u0131lar\u0131ndan anlat\u0131yor olmalar\u0131 hem de \u015feffafl\u0131k eksikli\u011finin yak\u0131n tarihli bir \u00f6rne\u011fini kamuoyuyla payla\u015fmalar\u0131 a\u00e7\u0131s\u0131ndan olduk\u00e7a de\u011ferli.&nbsp;<\/p>\n\n\n\n<p class=\"wp-block-paragraph\">Kendilerine y\u00f6neltti\u011fimiz sorular vaka ve \u00f6rne\u011fe g\u00f6re de\u011fi\u015fse de ortakla\u015fan en \u00f6nemli konu T\u00fcrkiye\u2019de m\u00fczelerin \u015feffafl\u0131\u011f\u0131 ile ilgili durum hakk\u0131nda ne d\u00fc\u015f\u00fcnd\u00fckleri oldu. .<\/p>\n\n\n\n<h2 class=\"wp-block-heading\"><strong>Eri\u015fim: Ara\u015ft\u0131rmac\u0131 bir tehdit mi?<\/strong><\/h2>\n\n\n\n<p class=\"wp-block-paragraph\">T\u00fcrkiye\u2019de bir m\u00fcze ar\u015fivine girmek i\u00e7in her zaman \u00f6nce bir insana ihtiya\u00e7 duyulur. Resmi izin yetmez; kurumun sizi \u201cg\u00fcvenilir\u201d bulmas\u0131 gerekir. Sanat tarihi ara\u015ft\u0131rmac\u0131s\u0131 Ay\u015fe Hazar K\u00f6ksal, doktora s\u00fcrecindeki deneyimini anlat\u0131rken bu el alt\u0131ndan i\u015fleyen g\u00fcven ekonomisini ayr\u0131nt\u0131land\u0131r\u0131yor.<\/p>\n\n\n\n<figure class=\"wp-block-image size-full\"><img loading=\"lazy\" decoding=\"async\" width=\"400\" height=\"230\" src=\"https:\/\/newslabturkey.org\/sojo\/wp-content\/uploads\/2026\/06\/image-38.png\" alt=\"\" class=\"wp-image-913\" srcset=\"https:\/\/newslabturkey.org\/sojo\/wp-content\/uploads\/2026\/06\/image-38.png 400w, https:\/\/newslabturkey.org\/sojo\/wp-content\/uploads\/2026\/06\/image-38-300x173.png 300w\" sizes=\"auto, (max-width: 400px) 100vw, 400px\" \/><figcaption class=\"wp-element-caption\"><em>Ay\u015fe Hazar K\u00f6ksal<\/em><\/figcaption><\/figure>\n\n\n\n<p class=\"wp-block-paragraph\"><em>\u201cBir bu\u00e7uk ay boyunca bana yaln\u0131zca g\u00fcncel tarihli belgeleri i\u00e7eren dosyalar\u0131 g\u00f6sterdiler. Sonunda beni \u201cg\u00fcvenilir\u201d olarak kabul ettiler ve 1937\u2019den beri saklanan belgeleri \u00f6n\u00fcme koydular.\u201d&nbsp;<\/em>Ay\u015fe Hazar K\u00f6ksal<\/p>\n\n\n\n<p class=\"wp-block-paragraph\"><em>\u201cBir ara\u015ft\u0131rmac\u0131 bilgi talebinde bulununca hemen bir koruma mekanizmas\u0131 devreye giriyor ve ara\u015ft\u0131rmac\u0131 kuruma y\u00f6nelik bir tehdit unsuru olarak alg\u0131lan\u0131yor. Oysa sergi a\u00e7mak, k\u00fct\u00fcphane sunmak, kafe i\u015fletmek \u015feffafl\u0131k de\u011fildir; bunlar asgari hizmetlerdir.\u201d&nbsp;<\/em>Ay\u015fe Hazar K\u00f6ksal<\/p>\n\n\n\n<p class=\"wp-block-paragraph\">Ara\u015ft\u0131rmac\u0131lar\u0131n kar\u015f\u0131la\u015ft\u0131\u011f\u0131 bu duvarlar, karar alma s\u00fcre\u00e7lerine de uzan\u0131yor. Antalya Arkeoloji M\u00fczesi\u2019nin y\u0131k\u0131m s\u00fcrecinde uzmanlar ve sivil toplum kurulu\u015flar\u0131 resmi kanallardan teknik raporlara eri\u015fmeye \u00e7al\u0131\u015ft\u0131.&nbsp;<\/p>\n\n\n\n<figure class=\"wp-block-image size-large\"><img loading=\"lazy\" decoding=\"async\" width=\"576\" height=\"1024\" src=\"https:\/\/newslabturkey.org\/sojo\/wp-content\/uploads\/2026\/06\/image-39-576x1024.png\" alt=\"\" class=\"wp-image-914\" srcset=\"https:\/\/newslabturkey.org\/sojo\/wp-content\/uploads\/2026\/06\/image-39-576x1024.png 576w, https:\/\/newslabturkey.org\/sojo\/wp-content\/uploads\/2026\/06\/image-39-169x300.png 169w, https:\/\/newslabturkey.org\/sojo\/wp-content\/uploads\/2026\/06\/image-39-768x1365.png 768w, https:\/\/newslabturkey.org\/sojo\/wp-content\/uploads\/2026\/06\/image-39-864x1536.png 864w, https:\/\/newslabturkey.org\/sojo\/wp-content\/uploads\/2026\/06\/image-39.png 900w\" sizes=\"auto, (max-width: 576px) 100vw, 576px\" \/><figcaption class=\"wp-element-caption\"><em>G\u00fcl I\u015f\u0131n<\/em><\/figcaption><\/figure>\n\n\n\n<p class=\"wp-block-paragraph\"><em>\u201cDeprem performans analizi sonu\u00e7lar\u0131n\u0131 a\u00e7\u0131klamas\u0131 defaatle talep edildi. Bir t\u00fcrl\u00fc ula\u015famad\u0131k.\u201d<\/em><em>&nbsp;<\/em><em>M\u00fcze \u00c7al\u0131\u015fma Grubu- G\u00fcl I\u015f\u0131n<\/em><\/p>\n\n\n\n<h2 class=\"wp-block-heading\"><strong>Haf\u0131za: Kim giderse haf\u0131za da gider<\/strong><\/h2>\n\n\n\n<p class=\"wp-block-paragraph\">Kurumsal haf\u0131za bir ar\u015fiv sorunudur ama daha \u00e7ok bir iktidar sorunudur. Bilgiyi elinde tutan ki\u015fi gidince haf\u0131za s\u0131f\u0131rlan\u0131r \u2014 bu \u00e7o\u011fu zaman tesad\u00fcf de\u011fildir.<\/p>\n\n\n\n<p class=\"wp-block-paragraph\"><em>\u201c\u015eeffaf olmayan bir kurumda haf\u0131za yaln\u0131zca o kurumu fiziksel olarak deneyimleyenlerin haf\u0131zas\u0131na d\u00f6n\u00fc\u015f\u00fcyor. Ki\u015fi gidiyor, haf\u0131za s\u0131f\u0131rlan\u0131yor. Bu haf\u0131zas\u0131zl\u0131k bana bilin\u00e7li bir tercih gibi g\u00f6r\u00fcn\u00fcyor; \u00e7\u00fcnk\u00fc esneklik sa\u011fl\u0131yor.\u201d&nbsp;<\/em>Ay\u015fe Hazar K\u00f6ksal<\/p>\n\n\n\n<p class=\"wp-block-paragraph\"><em>\u201cBir kurumun kendi ar\u015fivi \u00f6nemlidir ama d\u0131\u015far\u0131dakiler \u00e7ok daha de\u011ferlidir: ar\u015fivlenmemi\u015fler, s\u00f6zl\u00fc k\u00fclt\u00fcr, hik\u00e2yeler. Fiziksel ar\u015fiv d\u00fcnya bilgisinin yaln\u0131zca k\u00fc\u00e7\u00fck bir par\u00e7as\u0131d\u0131r. Yetkin olsan da kendi s\u0131n\u0131rlar\u0131n\u0131 bilmen gerekiyor.\u201d&nbsp;<\/em>Vas\u0131f Kortun<\/p>\n\n\n\n<p class=\"wp-block-paragraph\">Antalya Arkeoloji M\u00fczesi\u2019nin y\u0131k\u0131m\u0131 da ayn\u0131 haf\u0131zas\u0131zla\u015ft\u0131rma mant\u0131\u011f\u0131yla i\u015fledi. Resmi karar, m\u00fcze \u00e7al\u0131\u015fanlar\u0131 aras\u0131nda aylarca s\u00f6zl\u00fc s\u00f6ylenti olarak dola\u015ft\u0131.&nbsp;<\/p>\n\n\n\n<p class=\"wp-block-paragraph\"><em>\u201cBakanl\u0131k bizi muhatap g\u00f6rmedi. Bence sadece bizi de\u011fil, Antalyal\u0131lar\u0131 da muhatap g\u00f6rmedi<\/em>.\u201d M\u00fcze \u00c7al\u0131\u015fma Grubu, Hilmi Uysal<\/p>\n\n\n\n<h2 class=\"wp-block-heading\"><strong>Model: \u015eeffafl\u0131\u011f\u0131 kurumsalla\u015ft\u0131rmak m\u00fcmk\u00fcn m\u00fc?<\/strong><\/h2>\n\n\n\n<p class=\"wp-block-paragraph\">SALT, T\u00fcrkiye\u2019de a\u00e7\u0131k ar\u015fiv modelini en ileri g\u00f6t\u00fcren kurum oldu. Vas\u0131f Kortun bu modelin ayr\u0131nt\u0131lar\u0131n\u0131 anlat\u0131rken, \u015feffafl\u0131\u011f\u0131n iyi niyetle de\u011fil altyap\u0131yla kuruldu\u011funu vurguluyor.<\/p>\n\n\n\n<figure class=\"wp-block-image size-large\"><img loading=\"lazy\" decoding=\"async\" width=\"1024\" height=\"768\" src=\"https:\/\/newslabturkey.org\/sojo\/wp-content\/uploads\/2026\/06\/image-40-1024x768.png\" alt=\"\" class=\"wp-image-915\" srcset=\"https:\/\/newslabturkey.org\/sojo\/wp-content\/uploads\/2026\/06\/image-40-1024x768.png 1024w, https:\/\/newslabturkey.org\/sojo\/wp-content\/uploads\/2026\/06\/image-40-300x225.png 300w, https:\/\/newslabturkey.org\/sojo\/wp-content\/uploads\/2026\/06\/image-40-768x576.png 768w, https:\/\/newslabturkey.org\/sojo\/wp-content\/uploads\/2026\/06\/image-40-1536x1152.png 1536w, https:\/\/newslabturkey.org\/sojo\/wp-content\/uploads\/2026\/06\/image-40.png 2048w\" sizes=\"auto, (max-width: 1024px) 100vw, 1024px\" \/><figcaption class=\"wp-element-caption\"><em>Vas\u0131f Kortun<\/em><\/figcaption><\/figure>\n\n\n\n<p class=\"wp-block-paragraph\"><em>\u201cBa\u015flad\u0131\u011f\u0131m\u0131zda ar\u015fivlerin y\u00fczde doksan dokuzunu eri\u015fime a\u00e7\u0131k tutmay\u0131 planlad\u0131k. Her belge telif ve benzeri haklarla geldi\u011finden, herkesle ayr\u0131ca bir mukavele yapmak gerekiyordu. Ar\u015fivci art\u0131k ar\u015fivin tamam\u0131na tek ba\u015f\u0131na h\u00e2kim olam\u0131yor \u2014 eski \u201ckale modeli\u201d bitti.\u201d&nbsp;<\/em>Vas\u0131f Kortun<\/p>\n\n\n\n<p class=\"wp-block-paragraph\"><em>\u201cMetadata, dataya h\u00fckmeder. Belgeleri New York\u2019a g\u00f6ndersek, oradaki ar\u015fivciler onlar\u0131 kendi veri setlerine g\u00f6re bamba\u015fka bi\u00e7imde s\u0131n\u0131fland\u0131r\u0131rlar. Tan\u0131mlama da s\u00f6m\u00fcrge d\u00fczenine t\u00e2bi kal\u0131r.\u201d&nbsp;<\/em>Vas\u0131f Kortun<\/p>\n\n\n\n<p class=\"wp-block-paragraph\"><em>\u201cKurumlar genellikle \u201cbina yapt\u0131k, kap\u0131m\u0131z a\u00e7\u0131k\u201d modunda i\u015fler. Kurum zeki ve parlak olabilir; ama d\u0131\u015far\u0131daki bilgi her zaman i\u00e7eridekinden daha fazlad\u0131r. Bu nabz\u0131 kaybedersen, i\u015f biter.\u201d&nbsp;<\/em>Vas\u0131f Kortun<\/p>\n\n\n\n<p class=\"wp-block-paragraph\">SALT\u2019\u0131n anlatt\u0131\u011f\u0131 \u201ce\u015fik\u201d meselesi Antalya\u2019da en somut bi\u00e7imde ya\u015fand\u0131. M\u00fczenin duvarlar\u0131na \u201cyenileniyor\u201d yaz\u0131l\u0131yken i\u00e7eride y\u0131k\u0131m s\u00fcrd\u00fc.<\/p>\n\n\n\n<p class=\"wp-block-paragraph\"><em>\u201cH\u00e2l\u00e2 bug\u00fcn bile m\u00fczenin y\u0131k\u0131ld\u0131\u011f\u0131na inanamayan insanlar var. \u2018Tadilat yap\u0131l\u0131yor san\u0131yorduk\u2019 dediler.\u201d Kurumsal \u015feffafl\u0131k olmay\u0131nca, kamuoyu kendi g\u00f6z\u00fcne de inanmakta zorlan\u0131r.<\/em><em>&nbsp;<\/em>M\u00fcze \u00c7al\u0131\u015fma Grubu, Hilmi Uysal<\/p>\n\n\n\n<h2 class=\"wp-block-heading\"><strong>Hesap verebilirlik: Kimin paras\u0131, kimin karar\u0131?<\/strong><\/h2>\n\n\n\n<p class=\"wp-block-paragraph\">\u00d6zel m\u00fczeler vak\u0131f stat\u00fcs\u00fcnden yararlan\u0131yor ama mali verilerini kamuyla payla\u015fm\u0131yor. Devlet m\u00fczeleri ise kamu mal\u0131n\u0131 y\u00f6netiyor ama karar s\u00fcre\u00e7leri kapal\u0131. Her iki modelde de hesap verebilirlik bo\u015flukta kal\u0131yor.<\/p>\n\n\n\n<p class=\"wp-block-paragraph\"><em>\u201cNormal \u00fclkelerde vergi dairesine giderek paran\u0131n nereden geldi\u011fini \u00f6\u011frenebilirsin. Bizde bu m\u00fcmk\u00fcn de\u011fil. Koleksiyon al\u0131mlar\u0131ndan komisyon alan m\u00fcze direkt\u00f6rleri az de\u011fil. Kimse konu\u015fmaz, \u00fcst\u00fc kapat\u0131l\u0131r.\u201d&nbsp;<\/em>Vas\u0131f Kortun<\/p>\n\n\n\n<p class=\"wp-block-paragraph\"><em>\u201cDevlet m\u00fczelerindeki en zengin koleksiyonlar bazen \u201cilgisizlik\u201d bazen \u201ckamu mal\u0131n\u0131n kullan\u0131m\u0131\u201d mant\u0131\u011f\u0131yla yok olabiliyor; ya da bir milletvekilinin ofisinde beliriyor. \u00d6zel m\u00fczede ise koleksiyon \u201c\u00f6zel\u201d hissetti\u011fi i\u00e7in giri\u015f \u00e7\u0131k\u0131\u015f keyfi bir hal al\u0131yor.\u201d&nbsp;<\/em>Ay\u015fe Hazar K\u00f6ksal<\/p>\n\n\n\n<figure class=\"wp-block-image size-large\"><img loading=\"lazy\" decoding=\"async\" width=\"1024\" height=\"576\" src=\"https:\/\/newslabturkey.org\/sojo\/wp-content\/uploads\/2026\/06\/image-41-1024x576.png\" alt=\"\" class=\"wp-image-916\" srcset=\"https:\/\/newslabturkey.org\/sojo\/wp-content\/uploads\/2026\/06\/image-41-1024x576.png 1024w, https:\/\/newslabturkey.org\/sojo\/wp-content\/uploads\/2026\/06\/image-41-300x169.png 300w, https:\/\/newslabturkey.org\/sojo\/wp-content\/uploads\/2026\/06\/image-41-768x432.png 768w, https:\/\/newslabturkey.org\/sojo\/wp-content\/uploads\/2026\/06\/image-41.png 1280w\" sizes=\"auto, (max-width: 1024px) 100vw, 1024px\" \/><figcaption class=\"wp-element-caption\"><em>Hilmi Uysal<\/em><\/figcaption><\/figure>\n\n\n\n<p class=\"wp-block-paragraph\">Antalya vakas\u0131nda hesap verebilirlik sorusu h\u00e2l\u00e2 yan\u0131ts\u0131z.&nbsp;<\/p>\n\n\n\n<p class=\"wp-block-paragraph\"><em>\u201cKim y\u0131k\u0131yor? Ka\u00e7a y\u0131k\u0131yor? Kim denetliyor? Hangi kurum bu ihaleyi ald\u0131? Bunlar ticari s\u0131r m\u0131 olabilir? \u015eeffafl\u0131\u011f\u0131n olmamas\u0131 su\u00e7tur.\u201d Y\u0131k\u0131m, adli tatilin bitiminden \u00f6nceki Cuma gecesi ba\u015flad\u0131 ve Pazartesi\u2019ye kadar s\u00fcrd\u00fc.\u201d<\/em>&nbsp;M\u00fcze \u00c7al\u0131\u015fma Grubu, Hilmi Uysal<\/p>\n\n\n\n<h2 class=\"wp-block-heading\"><strong>Peki, \u00e7\u00f6z\u00fcm ne?<\/strong><\/h2>\n\n\n\n<p class=\"wp-block-paragraph\">Eri\u015fim talep eden ara\u015ft\u0131rmac\u0131n\u0131n tehdit olarak alg\u0131land\u0131\u011f\u0131, karar s\u00fcre\u00e7lerinin kamuoyundan gizlendi\u011fi, ar\u015fivlerin ki\u015filerle birlikte yok oldu\u011fu ve hesap sorman\u0131n \u00f6n\u00fcn\u00fcn t\u0131kand\u0131\u011f\u0131 bir ortamda \u201c\u00e7\u00f6z\u00fcm\u201d kelimesi kolay s\u00f6ylenir. G\u00f6r\u00fc\u015ft\u00fc\u011f\u00fcm\u00fcz \u00fc\u00e7 isim de bu kelimeyi temkinli kulland\u0131. Kimse kapsaml\u0131 bir yol haritas\u0131 sunmad\u0131; sunduklar\u0131 \u015fey daha \u00e7ok somut deneyimlerden dam\u0131t\u0131lm\u0131\u015f, do\u011frudan dile getirilmi\u015f talepler ve g\u00f6zlemlerdi. Onlar\u0131 oldu\u011fu gibi aktar\u0131yoruz.<\/p>\n\n\n\n<p class=\"wp-block-paragraph\"><em>\u201cBizim gibi sivil toplumun \u00e7ok zay\u0131f oldu\u011fu, ya da zay\u0131flat\u0131ld\u0131\u011f\u0131 toplumlarda y\u00fcz\u00fcm\u00fcz\u00fc uluslararas\u0131 alana \u00e7evirmekten ba\u015fka \u015fans\u0131m\u0131z kalm\u0131yor. Bu anlamda ister Avrupa men\u015feli International Council of Museums (ICOM), isterse Amerika men\u015feli American Alliance of Museums (AMA) olsun, m\u00fczecilik ilkelerini kurumsalla\u015ft\u0131ran ve takibini yapan kurulu\u015flarla ili\u015fkide olmak \u00e7ok \u00f6nemli.\u201d&nbsp;<\/em>Ay\u015fe Hazar K\u00f6ksal<\/p>\n\n\n\n<p class=\"wp-block-paragraph\"><em>\u201cBunun i\u00e7in \u00fc\u00e7 yol var. Birincisi yasal d\u00fczenlemelere g\u00f6re hareket etmek. \u0130kincisi, uluslararas\u0131 seviyede bir m\u00fcze olma hedefi var ise, di\u011fer t\u00fcm prestijli m\u00fczelerin kabul etti\u011fi \u201cCode of Ethics\u201d yani m\u00fczecilik etik ilkelerine uymak. \u00dc\u00e7\u00fcnc\u00fcs\u00fc ise, kendi kurumunun kimli\u011fi do\u011frultusunda ilkeli m\u00fczecilik yapmay\u0131 tercih etmek.\u201d&nbsp;<\/em>Ay\u015fe Hazar K\u00f6ksal<\/p>\n\n\n\n<p class=\"wp-block-paragraph\"><em>\u201cBa\u015flad\u0131\u011f\u0131m\u0131zda ar\u015fivlerin %99\u2019unu eri\u015fime a\u00e7\u0131k tutmay\u0131 planlad\u0131k; buna g\u00f6re s\u00f6zle\u015fmeler haz\u0131rlad\u0131k.\u201d<\/em><\/p>\n\n\n\n<p class=\"wp-block-paragraph\"><em>\u201cMetadata, dataya h\u00fckmeder, dolay\u0131s\u0131yla sadece ar\u015fiv transferi de\u011fil, tan\u0131mlanmas\u0131 da s\u00f6m\u00fcrge d\u00fczenine t\u00e2bi kal\u0131r. Belgelerimizi New York\u2019a g\u00f6ndersek, oradaki ar\u015fivciler onlar\u0131 kendi veri setlerine g\u00f6re bamba\u015fka bi\u00e7imde s\u0131n\u0131fland\u0131r\u0131rlar.\u201d&nbsp;<\/em>Vas\u0131f Kortun<\/p>\n\n\n\n<p class=\"wp-block-paragraph\"><em>\u201c2015 y\u0131l\u0131nda SALT\u2019ta kurumsal ele\u015ftiri kapsam\u0131nda fosil ekonomisinden destek almayaca\u011f\u0131m\u0131z\u0131 ilan ettik; sponsorlar\u0131m\u0131z\u0131 buna g\u00f6re belirledik.\u201d&nbsp;<\/em>Vas\u0131f Kortun<\/p>\n\n\n\n<p class=\"wp-block-paragraph\"><em>\u201cICOM\u2019da, da Birle\u015fmi\u015f Milletler kadar yararl\u0131d\u0131r; yani hi\u00e7 yararl\u0131 de\u011fil. Bu kurumlar\u0131n d\u00f6nemi kapand\u0131.\u201d&nbsp;<\/em>Vas\u0131f Kortun<\/p>\n\n\n\n<p class=\"wp-block-paragraph\"><em>\u201cNormal \u00fclkelerde vergi dairesine giderek paran\u0131n nereden geldi\u011fini, kafe ya da ma\u011fazan\u0131n ne kadar kazand\u0131\u011f\u0131n\u0131 \u00f6\u011frenebilirsin. Bizde bu m\u00fcmk\u00fcn de\u011fil.\u201d&nbsp;<\/em>Vas\u0131f Kortun<\/p>\n\n\n\n<p class=\"wp-block-paragraph\"><em>\u201cHer zaman s\u00f6yledi\u011fimiz gibi Akademi ve Sivil Toplumun uzmanl\u0131klar\u0131ndan yararlan\u0131lmas\u0131n\u0131 talep ediyoruz.\u201d&nbsp;<\/em>G\u00fcl I\u015f\u0131n<\/p>\n\n\n\n<p class=\"wp-block-paragraph\"><em>\u201c\u015eeffafl\u0131k kamuyla ilgili her t\u00fcr i\u015fin ve mali b\u00fct\u00e7enin kamuya a\u00e7\u0131k olmas\u0131 ve bu bilgilere eri\u015filebilir olmas\u0131d\u0131r. M\u00fcze y\u0131k\u0131l\u0131yor, i\u00e7erde bir in\u015faat var ama bilgi panosu yok. Kim y\u0131k\u0131yor? Ka\u00e7a y\u0131k\u0131yor? Kim denetliyor? Hangi kurum bu y\u0131k\u0131lma ve in\u015faat ihalesini ald\u0131? \u015eeffafl\u0131\u011f\u0131n olmamas\u0131 su\u00e7tur.\u201d&nbsp;<\/em>Hilmi Uysal&nbsp;<\/p>\n\n\n\n<p class=\"wp-block-paragraph\"><em>\u201cBakanl\u0131k ne yapt\u0131\u011f\u0131n\u0131, kime yapt\u0131rd\u0131\u011f\u0131n\u0131, ka\u00e7a yapt\u0131rd\u0131\u011f\u0131n\u0131, ne zamana kadar m\u00fczenin kapal\u0131, eserlerin hangarlarda kalaca\u011f\u0131n\u0131, kimin denetledi\u011fini a\u00e7\u0131klamak ve acilen in\u015faat\u0131n kap\u0131s\u0131na bilgi panosunu asmas\u0131 gerekli, bunu istiyoruz. Bunu 45 haftad\u0131r istiyoruz ve duyan yok.\u201d&nbsp;<\/em>Hilmi Uysal<\/p>\n\n\n\n<p class=\"wp-block-paragraph\"><em>\u201cSivil toplumun elbette s\u00f6z hakk\u0131 olmal\u0131d\u0131r. \u015eehrin en de\u011ferli yap\u0131s\u0131n\u0131 y\u0131k\u0131yorsunuz, bir s\u00fcre kapat\u0131yorsunuz ve bunu \u015fehre ve \u015fehirdeki sivil toplum \u00f6rg\u00fctlerine, demokratik kitle \u00f6rg\u00fctlerine, odalara, okullara, \u00fcniversiteye, belediyeye haber vermiyorsunuz, onlar\u0131n g\u00f6r\u00fc\u015f\u00fcn\u00fc alm\u0131yor, onlar\u0131n olurunu alm\u0131yorsunuz. Bu demokrasinin bitti\u011fi yerdir.\u201d&nbsp;<\/em>Hilmi Uysal<\/p>\n\n\n\n<p class=\"wp-block-paragraph\"><em>\u201cS\u00fcre\u00e7 yasal olmal\u0131. Unutulmamal\u0131 ki kapat\u0131lmayla ilgili karara gerek\u00e7e g\u00f6sterilen depreme dayanaks\u0131z oldu\u011fu raporu, m\u00fcze kapat\u0131ld\u0131ktan sonraki tarihlidir. Bu tek ba\u015f\u0131na su\u00e7tur.\u201d&nbsp;<\/em>Hilmi Uysal<\/p>\n\n\n\n<p class=\"wp-block-paragraph\"><em>\u201cBize ve kamuya h\u00e2l\u00e2 bilimsel tatmin sa\u011flayacak bir dilde, onar\u0131m yerine y\u0131k\u0131m\u0131n ya da ihtiya\u00e7 duyulan yeni m\u00fcze binas\u0131 i\u00e7in yak\u0131ndaki kamu alanlar\u0131ndan birinin se\u00e7ilmesi yerine y\u0131k\u0131m\u0131n, ya da m\u00fcze \u00f6n\u00fcndeki falezlerin sit derecesinin d\u00fc\u015f\u00fcr\u00fclmesinin gerek\u00e7esi anlat\u0131lmad\u0131. Bu sorular\u0131m\u0131za cevap istiyoruz.\u201d&nbsp;<\/em>G\u00fcl I\u015f\u0131n<\/p>\n\n\n\n<p class=\"wp-block-paragraph\">G\u00f6r\u00fc\u015ft\u00fc\u011f\u00fcm\u00fcz \u00fc\u00e7 ismin ortak noktas\u0131 \u015fu: hi\u00e7biri vazge\u00e7memi\u015f. Talepleri tekrarl\u0131yor, belgelemeye devam ediyor, s\u00f6z almaya \u00e7al\u0131\u015f\u0131yor. \u015eeffafl\u0131k bir l\u00fctuf olarak beklenmez; bir hak olarak talep edilir. Bu ayr\u0131m k\u00fc\u00e7\u00fck ama belirleyici.<\/p>\n\n\n\n<p class=\"wp-block-paragraph\">Bu talepler yeni de\u011fil. Bir k\u0131sm\u0131 y\u0131llard\u0131r s\u00f6yleniyor, bir k\u0131sm\u0131 45 haftad\u0131r tekrarlan\u0131yor. De\u011fi\u015fen bir \u015fey olmad\u0131. M\u00fczecilik \u015feffafl\u0131\u011f\u0131 tart\u0131\u015fmas\u0131 T\u00fcrkiye\u2019de h\u00e2l\u00e2 b\u00fcy\u00fck \u00f6l\u00e7\u00fcde \u201cduyan yok\u201d c\u00fcmlesiyle bitiyor. Bir sonraki ad\u0131m\u0131n ne olaca\u011f\u0131, b\u00fcy\u00fck \u00f6l\u00e7\u00fcde bu tart\u0131\u015fmay\u0131 kimin sahiplendi\u011fine ba\u011fl\u0131.<\/p>\n\n\n\n<hr class=\"wp-block-separator has-alpha-channel-opacity\"\/>\n\n\n\n<p class=\"wp-block-paragraph\"><br><strong>Dijital Medya Ara\u015ft\u0131rmalar\u0131 Derne\u011fi taraf\u0131ndan desteklenen bu i\u00e7erik ilk olarak<\/strong> <strong><a href=\"https:\/\/muzir.org\/2026\/06\/09\/muzelerde-seffaflik-nasil-saglanir\/\">muzir.org<\/a>&#8216;da<\/strong> <strong>yay\u0131nlanm\u0131\u015ft\u0131r.<\/strong><\/p>\n\n\n\n<p class=\"wp-block-paragraph\"><\/p>\n","protected":false},"excerpt":{"rendered":"<p>M\u00fczeler ve \u015feffafl\u0131k konulu yaz\u0131 dizisinin ilk k\u0131sm\u0131nda, m\u00fczelerde \u015feffafl\u0131\u011fa neden ihtiya\u00e7 duyuldu\u011fundan bahsedip, yurtd\u0131\u015f\u0131ndaki baz\u0131 iyi \u00f6rnekleri ve T\u00fcrkiye\u2019den se\u00e7ti\u011fimiz \u00fc\u00e7 m\u00fczenin \u015feffafl\u0131k durumunun tablosunu sizlerle payla\u015fm\u0131\u015ft\u0131k.&nbsp; Bu b\u00f6l\u00fcmde ise T\u00fcrkiye\u2019de m\u00fcze ve sergileme alan\u0131nda \u00e7al\u0131\u015fmalar\u0131 olan ve \u015feffafl\u0131k tart\u0131\u015fmalar\u0131yla yak\u0131ndan ilgili \u00fc\u00e7 ki\u015fiyle yapt\u0131\u011f\u0131m\u0131z g\u00f6r\u00fc\u015fmelerden yola \u00e7\u0131karak baz\u0131 iyile\u015ftirme \u00f6nerilerini sizlerle payla\u015faca\u011f\u0131z. Bu [&hellip;]<\/p>\n","protected":false},"author":24,"featured_media":912,"comment_status":"closed","ping_status":"closed","sticky":false,"template":"","format":"standard","meta":{"footnotes":""},"categories":[8],"tags":[],"class_list":["post-911","post","type-post","status-publish","format-standard","has-post-thumbnail","hentry","category-cozum-gazeteciligi"],"amp_enabled":true,"_links":{"self":[{"href":"https:\/\/newslabturkey.org\/sojo\/wp-json\/wp\/v2\/posts\/911","targetHints":{"allow":["GET"]}}],"collection":[{"href":"https:\/\/newslabturkey.org\/sojo\/wp-json\/wp\/v2\/posts"}],"about":[{"href":"https:\/\/newslabturkey.org\/sojo\/wp-json\/wp\/v2\/types\/post"}],"author":[{"embeddable":true,"href":"https:\/\/newslabturkey.org\/sojo\/wp-json\/wp\/v2\/users\/24"}],"replies":[{"embeddable":true,"href":"https:\/\/newslabturkey.org\/sojo\/wp-json\/wp\/v2\/comments?post=911"}],"version-history":[{"count":0,"href":"https:\/\/newslabturkey.org\/sojo\/wp-json\/wp\/v2\/posts\/911\/revisions"}],"wp:featuredmedia":[{"embeddable":true,"href":"https:\/\/newslabturkey.org\/sojo\/wp-json\/wp\/v2\/media\/912"}],"wp:attachment":[{"href":"https:\/\/newslabturkey.org\/sojo\/wp-json\/wp\/v2\/media?parent=911"}],"wp:term":[{"taxonomy":"category","embeddable":true,"href":"https:\/\/newslabturkey.org\/sojo\/wp-json\/wp\/v2\/categories?post=911"},{"taxonomy":"post_tag","embeddable":true,"href":"https:\/\/newslabturkey.org\/sojo\/wp-json\/wp\/v2\/tags?post=911"}],"curies":[{"name":"wp","href":"https:\/\/api.w.org\/{rel}","templated":true}]}}