{"id":849,"date":"2026-06-20T04:46:51","date_gmt":"2026-06-20T04:46:51","guid":{"rendered":"https:\/\/newslabturkey.org\/sojo\/?p=849"},"modified":"2026-06-20T04:46:51","modified_gmt":"2026-06-20T04:46:51","slug":"atma-donustur-atolyesi-kadin-emegiyle-hayat-bulan-atiklar","status":"publish","type":"post","link":"https:\/\/newslabturkey.org\/sojo\/2026\/06\/20\/atma-donustur-atolyesi-kadin-emegiyle-hayat-bulan-atiklar\/","title":{"rendered":"Atma D\u00f6n\u00fc\u015ft\u00fcr At\u00f6lyesi: Kad\u0131n Eme\u011fiyle Hayat Bulan At\u0131klar"},"content":{"rendered":"\n<p class=\"wp-block-paragraph\">Diyarbak\u0131r B\u00fcy\u00fck\u015fehir Belediyesi b\u00fcnyesindeki \u0130klim De\u011fi\u015fikli\u011fi ve S\u0131f\u0131r At\u0131k Dairesi ile Agro-Ekoloji \u0130klim Okulu\u2019nun el birli\u011fiyle y\u00fcr\u00fctt\u00fc\u011f\u00fc bu \u00e7al\u0131\u015fmalar, at\u0131klar\u0131 yeniden ekonomiye kazand\u0131r\u0131rken; kad\u0131nlar\u0131n aktif kat\u0131l\u0131m\u0131yla kolektif bir \u00fcretim alan\u0131na kap\u0131 aral\u0131yor.<\/p>\n\n\n\n<h2 class=\"wp-block-heading\"><strong>Gelece\u011fe Kalan E\u015fyalar<\/strong><\/h2>\n\n\n\n<p class=\"wp-block-paragraph\">Bu at\u00f6lyeler, sadece klasik bir geri d\u00f6n\u00fc\u015f\u00fcm faaliyeti de\u011fil; evde \u201cfazlal\u0131k\u201d ya da \u201c\u00e7\u00f6p\u201d g\u00f6z\u00fcyle bak\u0131lan e\u015fyalar\u0131n asl\u0131nda nas\u0131l birer cevher oldu\u011funu g\u00f6steren bir bilin\u00e7 yolculu\u011fu. Burada eski tavalar \u015f\u0131k dekoratif objelere, cam kavanozlar zarif mumluklara, plastik ve kartonlar ise g\u00fcnl\u00fck hayat\u0131 kolayla\u015ft\u0131ran i\u015flevsel gere\u00e7lere evriliyor.<\/p>\n\n\n\n<figure class=\"wp-block-image size-large\"><img loading=\"lazy\" decoding=\"async\" width=\"1024\" height=\"681\" src=\"https:\/\/newslabturkey.org\/sojo\/wp-content\/uploads\/2026\/06\/image-7-1024x681.png\" alt=\"\" class=\"wp-image-852\" srcset=\"https:\/\/newslabturkey.org\/sojo\/wp-content\/uploads\/2026\/06\/image-7-1024x681.png 1024w, https:\/\/newslabturkey.org\/sojo\/wp-content\/uploads\/2026\/06\/image-7-300x199.png 300w, https:\/\/newslabturkey.org\/sojo\/wp-content\/uploads\/2026\/06\/image-7-768x510.png 768w, https:\/\/newslabturkey.org\/sojo\/wp-content\/uploads\/2026\/06\/image-7-1536x1021.png 1536w, https:\/\/newslabturkey.org\/sojo\/wp-content\/uploads\/2026\/06\/image-7-240x160.png 240w, https:\/\/newslabturkey.org\/sojo\/wp-content\/uploads\/2026\/06\/image-7.png 1920w\" sizes=\"auto, (max-width: 1024px) 100vw, 1024px\" \/><figcaption class=\"wp-element-caption\"><em>Foto\u011fraf: \u015eeniz Eken<\/em><\/figcaption><\/figure>\n\n\n\n<p class=\"wp-block-paragraph\">\u0130klim De\u011fi\u015fikli\u011fi ve S\u0131f\u0131r At\u0131k Daire Ba\u015fkan\u0131 Evin Dinar, s\u0131f\u0131r at\u0131k ve geri d\u00f6n\u00fc\u015f at\u00f6lyeleri \u00e7al\u0131\u015fmalar\u0131n\u0131n \u015fu s\u00f6zlerle anlat\u0131yor:<\/p>\n\n\n\n<p class=\"wp-block-paragraph\">\u201cEvde kulland\u0131\u011f\u0131m\u0131z herhangi bir e\u015fya \u00e7\u00f6p olmadan \u00f6nce onu d\u00f6n\u00fc\u015ft\u00fcrebilir miyiz sorusu bu \u00e7al\u0131\u015fman\u0131n temelini olu\u015fturuyor. S\u0131f\u0131r at\u0131k yakla\u015f\u0131m\u0131nda esas olan, at\u0131\u011f\u0131 daha ortaya \u00e7\u0131kmadan en aza indirmek.\u201d<\/p>\n\n\n\n<p class=\"wp-block-paragraph\">Dinar, bu at\u00f6lyelerin insanlara t\u00fcketim al\u0131\u015fkanl\u0131klar\u0131n\u0131 sorgulatan bir ayna tuttu\u011funa inan\u0131yor. At\u00f6lyelerde ortaya \u00e7\u0131kan \u00fcr\u00fcnlerin sadece yarat\u0131c\u0131 de\u011fil, ayn\u0131 zamanda hayat\u0131n i\u00e7inde yeri olan par\u00e7alar oldu\u011funu vurgulayan Dinar, plastik \u015fi\u015felerin di\u015f f\u0131r\u00e7al\u0131k, eski kaplar\u0131n ise saks\u0131 ya da dekoratif \u00fcr\u00fcn olarak evlerdeki yerini ald\u0131\u011f\u0131n\u0131 ifade ediyor.<\/p>\n\n\n\n<figure class=\"wp-block-image size-large\"><img loading=\"lazy\" decoding=\"async\" width=\"1024\" height=\"681\" src=\"https:\/\/newslabturkey.org\/sojo\/wp-content\/uploads\/2026\/06\/image-8-1024x681.png\" alt=\"\" class=\"wp-image-853\" srcset=\"https:\/\/newslabturkey.org\/sojo\/wp-content\/uploads\/2026\/06\/image-8-1024x681.png 1024w, https:\/\/newslabturkey.org\/sojo\/wp-content\/uploads\/2026\/06\/image-8-300x199.png 300w, https:\/\/newslabturkey.org\/sojo\/wp-content\/uploads\/2026\/06\/image-8-768x510.png 768w, https:\/\/newslabturkey.org\/sojo\/wp-content\/uploads\/2026\/06\/image-8-1536x1021.png 1536w, https:\/\/newslabturkey.org\/sojo\/wp-content\/uploads\/2026\/06\/image-8-240x160.png 240w, https:\/\/newslabturkey.org\/sojo\/wp-content\/uploads\/2026\/06\/image-8.png 1920w\" sizes=\"auto, (max-width: 1024px) 100vw, 1024px\" \/><figcaption class=\"wp-element-caption\"><em>Foto\u011fraf: \u015eeniz Eken<\/em><\/figcaption><\/figure>\n\n\n\n<h2 class=\"wp-block-heading\"><strong>8,5 Ton At\u0131k Geri D\u00f6n\u00fc\u015ft\u00fcr\u00fcld\u00fc&nbsp;<\/strong><\/h2>\n\n\n\n<p class=\"wp-block-paragraph\">At\u00f6lyelerin yaratt\u0131\u011f\u0131 fark\u0131ndal\u0131k, belediyenin y\u00fcr\u00fctt\u00fc\u011f\u00fc genel at\u0131k y\u00f6netimi \u00e7al\u0131\u015fmalar\u0131yla birle\u015fince ortaya somut bir tablo \u00e7\u0131k\u0131yor. Evin Dinar\u2019\u0131n payla\u015ft\u0131\u011f\u0131 verilere g\u00f6re, belediye binalar\u0131 ve d\u0131\u015f birimlerde bulunan 120 at\u0131k ayr\u0131\u015ft\u0131rma kutusundan, 2025 y\u0131l\u0131n\u0131n son alt\u0131 ay\u0131nda tam 8,5 ton ambalaj at\u0131\u011f\u0131 geri d\u00f6n\u00fc\u015f\u00fcme kazand\u0131r\u0131ld\u0131.<\/p>\n\n\n\n<figure class=\"wp-block-image size-large\"><img loading=\"lazy\" decoding=\"async\" width=\"1024\" height=\"681\" src=\"https:\/\/newslabturkey.org\/sojo\/wp-content\/uploads\/2026\/06\/image-43-1024x681.png\" alt=\"\" class=\"wp-image-927\" srcset=\"https:\/\/newslabturkey.org\/sojo\/wp-content\/uploads\/2026\/06\/image-43-1024x681.png 1024w, https:\/\/newslabturkey.org\/sojo\/wp-content\/uploads\/2026\/06\/image-43-300x199.png 300w, https:\/\/newslabturkey.org\/sojo\/wp-content\/uploads\/2026\/06\/image-43-768x510.png 768w, https:\/\/newslabturkey.org\/sojo\/wp-content\/uploads\/2026\/06\/image-43-1536x1021.png 1536w, https:\/\/newslabturkey.org\/sojo\/wp-content\/uploads\/2026\/06\/image-43-240x160.png 240w, https:\/\/newslabturkey.org\/sojo\/wp-content\/uploads\/2026\/06\/image-43.png 1920w\" sizes=\"auto, (max-width: 1024px) 100vw, 1024px\" \/><figcaption class=\"wp-element-caption\"><em>\u0130klim De\u011fi\u015fikli\u011fi ve S\u0131f\u0131r At\u0131k Daire Ba\u015fkan\u0131 Evin Dinar<\/em><\/figcaption><\/figure>\n\n\n\n<p class=\"wp-block-paragraph\">Dinar, bu rakamlar\u0131n sadece ka\u011f\u0131t \u00fczerinde kalmad\u0131\u011f\u0131n\u0131 do\u011faya nefes olan \u015fu kazan\u0131mlara kar\u015f\u0131l\u0131k geldi\u011fini belirtiyor:<\/p>\n\n\n\n<p class=\"wp-block-paragraph\">\u201c30 bin 342 kilowatt enerji tasarrufu sa\u011fland\u0131.<\/p>\n\n\n\n<p class=\"wp-block-paragraph\"><em>16<\/em>3 ton suyun israf edilmesi \u00f6nlendi.<\/p>\n\n\n\n<p class=\"wp-block-paragraph\"><em>1<\/em>04 a\u011fa\u00e7 kesilmekten kurtar\u0131ld\u0131.<\/p>\n\n\n\n<p class=\"wp-block-paragraph\">Yakla\u015f\u0131k 1100 kilogram sera gaz\u0131 sal\u0131m\u0131n\u0131n \u00f6n\u00fcne ge\u00e7ildi.\u201d<\/p>\n\n\n\n<figure class=\"wp-block-image size-large\"><img loading=\"lazy\" decoding=\"async\" width=\"1024\" height=\"681\" src=\"https:\/\/newslabturkey.org\/sojo\/wp-content\/uploads\/2026\/06\/image-9-1024x681.png\" alt=\"\" class=\"wp-image-854\" srcset=\"https:\/\/newslabturkey.org\/sojo\/wp-content\/uploads\/2026\/06\/image-9-1024x681.png 1024w, https:\/\/newslabturkey.org\/sojo\/wp-content\/uploads\/2026\/06\/image-9-300x199.png 300w, https:\/\/newslabturkey.org\/sojo\/wp-content\/uploads\/2026\/06\/image-9-768x510.png 768w, https:\/\/newslabturkey.org\/sojo\/wp-content\/uploads\/2026\/06\/image-9-1536x1021.png 1536w, https:\/\/newslabturkey.org\/sojo\/wp-content\/uploads\/2026\/06\/image-9-240x160.png 240w, https:\/\/newslabturkey.org\/sojo\/wp-content\/uploads\/2026\/06\/image-9.png 1920w\" sizes=\"auto, (max-width: 1024px) 100vw, 1024px\" \/><figcaption class=\"wp-element-caption\"><em>Foto\u011fraf: \u015eeniz Eken<\/em><\/figcaption><\/figure>\n\n\n\n<p class=\"wp-block-paragraph\">T.C. \u00c7evre, \u015eehircilik ve \u0130klim De\u011fi\u015fikli\u011fi Bakanl\u0131\u011f\u0131\u2019n\u0131n form\u00fclleriyle, daire b\u00fcnyesindeki \u00e7evre m\u00fchendisleri taraf\u0131ndan hesaplanan bu veriler, at\u0131k y\u00f6netiminin iklim kriziyle olan hayati ba\u011f\u0131n\u0131 g\u00f6zler \u00f6n\u00fcne seriyor. Dinar, \u201cAt\u0131klar geri d\u00f6n\u00fc\u015f\u00fcme kazand\u0131r\u0131lmad\u0131\u011f\u0131nda ciddi bir karbon sal\u0131m\u0131na neden oluyor. Bu \u00e7al\u0131\u015fmalar hem kaynak tasarrufu sa\u011fl\u0131yor hem de iklim krizini derinle\u015ftiren etkileri azalt\u0131yor\u201d diyerek durumun ciddiyetini vurguluyor.<\/p>\n\n\n\n<h2 class=\"wp-block-heading\"><strong>At\u00f6lyeler \u00dcretim Merkezleri Olabilir<\/strong><\/h2>\n\n\n\n<p class=\"wp-block-paragraph\">At\u00f6lyelerin belirli aral\u0131klarla yap\u0131ld\u0131\u011f\u0131n\u0131 ifade eden Evin Dinar, as\u0131l hedeflerinin bu \u00e7al\u0131\u015fmalar\u0131 daha kal\u0131c\u0131 ve yayg\u0131n bir modele ta\u015f\u0131mak oldu\u011funu s\u00f6yl\u00fcyor. Mevcut etkinliklerin k\u0131sa s\u00fcreli bir \u201caktivite\u201d olman\u0131n \u00f6tesine ge\u00e7ip, s\u00fcreklili\u011fi olan birer \u00fcretim merkezine d\u00f6n\u00fc\u015febilece\u011fini \u00f6ng\u00f6r\u00fcyor.<\/p>\n\n\n\n<figure class=\"wp-block-image size-large\"><img loading=\"lazy\" decoding=\"async\" width=\"1024\" height=\"681\" src=\"https:\/\/newslabturkey.org\/sojo\/wp-content\/uploads\/2026\/06\/image-10-1024x681.png\" alt=\"\" class=\"wp-image-855\" srcset=\"https:\/\/newslabturkey.org\/sojo\/wp-content\/uploads\/2026\/06\/image-10-1024x681.png 1024w, https:\/\/newslabturkey.org\/sojo\/wp-content\/uploads\/2026\/06\/image-10-300x199.png 300w, https:\/\/newslabturkey.org\/sojo\/wp-content\/uploads\/2026\/06\/image-10-768x510.png 768w, https:\/\/newslabturkey.org\/sojo\/wp-content\/uploads\/2026\/06\/image-10-1536x1021.png 1536w, https:\/\/newslabturkey.org\/sojo\/wp-content\/uploads\/2026\/06\/image-10-240x160.png 240w, https:\/\/newslabturkey.org\/sojo\/wp-content\/uploads\/2026\/06\/image-10.png 1920w\" sizes=\"auto, (max-width: 1024px) 100vw, 1024px\" \/><figcaption class=\"wp-element-caption\"><em>Foto\u011fraf: \u015eeniz Eken<\/em><\/figcaption><\/figure>\n\n\n\n<p class=\"wp-block-paragraph\">S\u00fcre\u00e7 i\u00e7inde kar\u015f\u0131la\u015f\u0131lan baz\u0131 zorluklara da de\u011finen Dinar, \u00f6zellikle zaman\u0131n k\u0131s\u0131tl\u0131 olu\u015funa dikkat \u00e7ekiyor. \u0130lk etapta yar\u0131m g\u00fcn olarak planlanan \u00e7al\u0131\u015fmalar\u0131n, \u00fcr\u00fcnlerin boyanmas\u0131 ve kuruma s\u00fcre\u00e7leri gibi teknik detaylar nedeniyle yetersiz kald\u0131\u011f\u0131n\u0131 fark ettiklerini belirtiyor. Bu y\u00fczden, ayn\u0131 kat\u0131l\u0131mc\u0131 grubunun birka\u00e7 g\u00fcn boyunca birlikte mesai harcayabilece\u011fi, farkl\u0131 tekniklerin uygulanaca\u011f\u0131 yeni modeller \u00fczerinde \u00e7al\u0131\u015ft\u0131klar\u0131n\u0131 ekliyor:<\/p>\n\n\n\n<p class=\"wp-block-paragraph\">\u201cBaz\u0131 \u00fcr\u00fcnlerin ortaya \u00e7\u0131kmas\u0131 zaman al\u0131yor. Boyama, kuruma ve yeniden \u015fekillendirme s\u00fcre\u00e7leri nedeniyle at\u00f6lyelerin daha uzun soluklu olmas\u0131 gerekiyor.\u201d<\/p>\n\n\n\n<p class=\"wp-block-paragraph\">Dinar\u2019a g\u00f6re bu d\u00f6n\u00fc\u015f\u00fcm\u00fcn ger\u00e7ek bir ba\u015far\u0131ya ula\u015fmas\u0131 i\u00e7in vatanda\u015f\u0131n eli de ta\u015f\u0131n alt\u0131nda olmal\u0131:<\/p>\n\n\n\n<p class=\"wp-block-paragraph\">\u201cYerel y\u00f6netimler altyap\u0131y\u0131 sa\u011flayabilir ancak bizler evimizde, i\u015f yerimizde at\u0131klar\u0131 kayna\u011f\u0131nda ayr\u0131\u015ft\u0131rmad\u0131\u011f\u0131m\u0131z s\u00fcrece sistem sa\u011fl\u0131kl\u0131 i\u015flemiyor. Bu nedenle fark\u0131ndal\u0131k \u00e7al\u0131\u015fmalar\u0131n\u0131 b\u00fcy\u00fctmek ve bunu g\u00fcndelik ya\u015fam\u0131n bir par\u00e7as\u0131 haline getirmek gerekiyor.\u201d<\/p>\n\n\n\n<figure class=\"wp-block-image size-large\"><img loading=\"lazy\" decoding=\"async\" width=\"1024\" height=\"681\" src=\"https:\/\/newslabturkey.org\/sojo\/wp-content\/uploads\/2026\/06\/image-11-1024x681.png\" alt=\"\" class=\"wp-image-856\" srcset=\"https:\/\/newslabturkey.org\/sojo\/wp-content\/uploads\/2026\/06\/image-11-1024x681.png 1024w, https:\/\/newslabturkey.org\/sojo\/wp-content\/uploads\/2026\/06\/image-11-300x199.png 300w, https:\/\/newslabturkey.org\/sojo\/wp-content\/uploads\/2026\/06\/image-11-768x510.png 768w, https:\/\/newslabturkey.org\/sojo\/wp-content\/uploads\/2026\/06\/image-11-1536x1021.png 1536w, https:\/\/newslabturkey.org\/sojo\/wp-content\/uploads\/2026\/06\/image-11-240x160.png 240w, https:\/\/newslabturkey.org\/sojo\/wp-content\/uploads\/2026\/06\/image-11.png 1920w\" sizes=\"auto, (max-width: 1024px) 100vw, 1024px\" \/><figcaption class=\"wp-element-caption\"><em>Foto\u011fraf: \u015eeniz Eken<\/em><\/figcaption><\/figure>\n\n\n\n<h2 class=\"wp-block-heading\"><strong>\u201cAt\u0131k De\u011fil, Kaynak\u201d&nbsp;<\/strong><\/h2>\n\n\n\n<p class=\"wp-block-paragraph\">S\u0131f\u0131r At\u0131k ve Geri Kazan\u0131m \u015eube M\u00fcd\u00fcr\u00fc Meltem Ayzer Erdo\u011fan, bu at\u00f6lyelerin bir ihtiya\u00e7tan do\u011fdu\u011funu ve uzun soluklu bir eme\u011fin saha yans\u0131mas\u0131 oldu\u011funu vurguluyor. \u0130klim De\u011fi\u015fikli\u011fi ve S\u0131f\u0131r At\u0131k Dairesi \u00f6nc\u00fcl\u00fc\u011f\u00fcnde yakla\u015f\u0131k 1,5 y\u0131ld\u0131r okullardan sitelere, hanelerden kamusal alanlara kadar geni\u015f bir yelpazede bilin\u00e7lendirme \u00e7al\u0131\u015fmalar\u0131 y\u00fcr\u00fctt\u00fcklerini anlatan Erdo\u011fan, at\u00f6lyelerin bu s\u00fcreci somut bir \u00fcretimle ta\u00e7land\u0131rd\u0131\u011f\u0131n\u0131 belirtiyor.<\/p>\n\n\n\n<figure class=\"wp-block-image size-large\"><img loading=\"lazy\" decoding=\"async\" width=\"1024\" height=\"681\" src=\"https:\/\/newslabturkey.org\/sojo\/wp-content\/uploads\/2026\/06\/image-44-1024x681.png\" alt=\"\" class=\"wp-image-928\" srcset=\"https:\/\/newslabturkey.org\/sojo\/wp-content\/uploads\/2026\/06\/image-44-1024x681.png 1024w, https:\/\/newslabturkey.org\/sojo\/wp-content\/uploads\/2026\/06\/image-44-300x199.png 300w, https:\/\/newslabturkey.org\/sojo\/wp-content\/uploads\/2026\/06\/image-44-768x510.png 768w, https:\/\/newslabturkey.org\/sojo\/wp-content\/uploads\/2026\/06\/image-44-1536x1021.png 1536w, https:\/\/newslabturkey.org\/sojo\/wp-content\/uploads\/2026\/06\/image-44-240x160.png 240w, https:\/\/newslabturkey.org\/sojo\/wp-content\/uploads\/2026\/06\/image-44.png 1920w\" sizes=\"auto, (max-width: 1024px) 100vw, 1024px\" \/><figcaption class=\"wp-element-caption\"><em>S\u0131f\u0131r At\u0131k ve Geri Kazan\u0131m \u015eube M\u00fcd\u00fcr\u00fc\/ Meltem Ayzer Erdo\u011fan<\/em><\/figcaption><\/figure>\n\n\n\n<p class=\"wp-block-paragraph\">Erdo\u011fan, projenin mutfa\u011f\u0131n\u0131 ve hedeflerini \u015fu s\u00f6zlerle detayland\u0131r\u0131yor:<\/p>\n\n\n\n<p class=\"wp-block-paragraph\">\u201cS\u0131f\u0131r at\u0131k, geri d\u00f6n\u00fc\u015f\u00fcm ve kayna\u011f\u0131nda ayr\u0131\u015ft\u0131rma konular\u0131nda sadece teorik e\u011fitim vermekle yetinmedik. Bu ihtiyaca kal\u0131c\u0131 bir \u00e7\u00f6z\u00fcm \u00fcretmek amac\u0131yla, \u00f6zellikle kad\u0131nlar\u0131 kapsayan \u00fcretim alanlar\u0131 olu\u015fturmay\u0131 hedefledik. At\u0131klar\u0131 yeniden \u00fcretime kazand\u0131rarak, topluma \u015fu mesaj\u0131 vermek istedik: At\u0131k bir \u00e7\u00f6p de\u011fil, de\u011ferlendirilmeyi bekleyen bir kaynakt\u0131r.\u201d<\/p>\n\n\n\n<figure class=\"wp-block-image size-large\"><img loading=\"lazy\" decoding=\"async\" width=\"1024\" height=\"747\" src=\"https:\/\/newslabturkey.org\/sojo\/wp-content\/uploads\/2026\/06\/image-45-1024x747.png\" alt=\"\" class=\"wp-image-929\" srcset=\"https:\/\/newslabturkey.org\/sojo\/wp-content\/uploads\/2026\/06\/image-45-1024x747.png 1024w, https:\/\/newslabturkey.org\/sojo\/wp-content\/uploads\/2026\/06\/image-45-300x219.png 300w, https:\/\/newslabturkey.org\/sojo\/wp-content\/uploads\/2026\/06\/image-45-768x560.png 768w, https:\/\/newslabturkey.org\/sojo\/wp-content\/uploads\/2026\/06\/image-45-1536x1120.png 1536w, https:\/\/newslabturkey.org\/sojo\/wp-content\/uploads\/2026\/06\/image-45.png 1920w\" sizes=\"auto, (max-width: 1024px) 100vw, 1024px\" \/><figcaption class=\"wp-element-caption\"><em>Mizgin Kumral\/ At\u00f6lye Kat\u0131l\u0131mc\u0131s\u0131<\/em><\/figcaption><\/figure>\n\n\n\n<h2 class=\"wp-block-heading\"><strong>D\u00f6n\u00fc\u015f\u00fcm \u00dcnitelerinden Sanat At\u00f6lyelerine<\/strong><\/h2>\n\n\n\n<p class=\"wp-block-paragraph\">Projenin en dikkat \u00e7ekici yanlar\u0131ndan biri de hammadde d\u00f6ng\u00fcs\u00fc. Erdo\u011fan, mahalle ve sitelere yerle\u015ftirilen geri d\u00f6n\u00fc\u015f\u00fcm \u00fcnitelerinde toplanan malzemelerin do\u011frudan bu at\u00f6lyelere getirilerek i\u015flendi\u011fini anlat\u0131yor. G\u00fcnl\u00fck ya\u015famda yer bulacak \u00fcr\u00fcnlere d\u00f6n\u00fc\u015fen bu at\u0131klar, vatanda\u015f\u0131n kap\u0131s\u0131n\u0131n \u00f6n\u00fcnden \u00e7\u0131kan bir malzemenin nas\u0131l bir \u201cde\u011fer\u201d kazanaca\u011f\u0131n\u0131 bizzat kan\u0131tl\u0131yor. Sahadan gelen geri d\u00f6n\u00fc\u015flerin \u00e7ok olumlu oldu\u011funu belirten Erdo\u011fan, kad\u0131nlar\u0131n at\u00f6lyelerin daha s\u0131k ve daha fazla mahallede yap\u0131lmas\u0131 y\u00f6n\u00fcndeki taleplerinin, projenin toplumsal kar\u015f\u0131l\u0131\u011f\u0131n\u0131 do\u011frulad\u0131\u011f\u0131n\u0131 ifade ediyor.<\/p>\n\n\n\n<h2 class=\"wp-block-heading\"><strong>D\u00f6n\u00fc\u015f\u00fcm Evde Ba\u015fl\u0131yor<\/strong><\/h2>\n\n\n\n<p class=\"wp-block-paragraph\">Kad\u0131nlar\u0131n merkeze al\u0131nmas\u0131n\u0131n bilin\u00e7li bir tercih oldu\u011funu vurgulayan Erdo\u011fan, k\u00fclt\u00fcrel d\u00f6n\u00fc\u015f\u00fcm\u00fcn mutfakta ve ev i\u00e7inde ba\u015flad\u0131\u011f\u0131na inan\u0131yor:<\/p>\n\n\n\n<p class=\"wp-block-paragraph\">\u201cE\u011fitim ve fark\u0131ndal\u0131\u011f\u0131n ailede, k\u00fc\u00e7\u00fck ya\u015flarda ba\u015flad\u0131\u011f\u0131n\u0131 biliyoruz. Bu y\u00fczden annelerin ve kad\u0131nlar\u0131n bu s\u00fcrece \u00f6nc\u00fcl\u00fck etmesi \u00e7ok kritik. Kad\u0131n eme\u011fiyle g\u00fc\u00e7lenen bu \u00e7al\u0131\u015fmalar, sadece \u00e7evresel bir kazan\u00e7 sa\u011flam\u0131yor, ayn\u0131 zamanda eme\u011fi g\u00f6r\u00fcn\u00fcr k\u0131lan kolektif bir dayan\u0131\u015fma alan\u0131 yarat\u0131yor.\u201d<\/p>\n\n\n\n<figure class=\"wp-block-image size-large\"><img loading=\"lazy\" decoding=\"async\" width=\"1024\" height=\"681\" src=\"https:\/\/newslabturkey.org\/sojo\/wp-content\/uploads\/2026\/06\/image-12-1024x681.png\" alt=\"\" class=\"wp-image-857\" srcset=\"https:\/\/newslabturkey.org\/sojo\/wp-content\/uploads\/2026\/06\/image-12-1024x681.png 1024w, https:\/\/newslabturkey.org\/sojo\/wp-content\/uploads\/2026\/06\/image-12-300x199.png 300w, https:\/\/newslabturkey.org\/sojo\/wp-content\/uploads\/2026\/06\/image-12-768x510.png 768w, https:\/\/newslabturkey.org\/sojo\/wp-content\/uploads\/2026\/06\/image-12-1536x1021.png 1536w, https:\/\/newslabturkey.org\/sojo\/wp-content\/uploads\/2026\/06\/image-12-240x160.png 240w, https:\/\/newslabturkey.org\/sojo\/wp-content\/uploads\/2026\/06\/image-12.png 1920w\" sizes=\"auto, (max-width: 1024px) 100vw, 1024px\" \/><figcaption class=\"wp-element-caption\"><em>Foto\u011fraf: \u015eeniz Eken<\/em><\/figcaption><\/figure>\n\n\n\n<h2 class=\"wp-block-heading\"><strong>Ama\u00e7 D\u00f6n\u00fc\u015f\u00fcm K\u00fclt\u00fcr\u00fcn\u00fc Kal\u0131c\u0131la\u015ft\u0131rmak<\/strong><\/h2>\n\n\n\n<p class=\"wp-block-paragraph\">Her ba\u015far\u0131l\u0131 model gibi, bu projenin de yayg\u0131nla\u015fmas\u0131 i\u00e7in a\u015f\u0131lmas\u0131 gereken baz\u0131 bariyerler var. Erdo\u011fan, s\u00fcrd\u00fcr\u00fclebilirlik noktas\u0131ndaki en b\u00fcy\u00fck zorluklar\u0131n b\u00fct\u00e7e k\u0131s\u0131tl\u0131l\u0131\u011f\u0131 ve donan\u0131ml\u0131 e\u011fitici eksikli\u011fi oldu\u011funu dile getiriyor. Daha fazla insana ula\u015fmak ve saha \u00e7al\u0131\u015fmalar\u0131n\u0131 kent geneline yaymak i\u00e7in daha geni\u015f kaynaklara ihtiya\u00e7 duyduklar\u0131n\u0131 belirten Erdo\u011fan, \u00f6n\u00fcm\u00fczdeki d\u00f6neme dair hedeflerini ise \u015f\u00f6yle \u00f6zetliyor:<\/p>\n\n\n\n<p class=\"wp-block-paragraph\">\u201cAmac\u0131m\u0131z bu k\u00fclt\u00fcr\u00fc kal\u0131c\u0131 hale getirmek. Daha fazla \u00e7ocu\u011fa, kad\u0131na ve yurtta\u015fa dokunarak; at\u0131k y\u00f6netimi ve yeniden kazan\u0131m konusunda \u00e7ok daha bilin\u00e7li bir neslin yeti\u015fmesine katk\u0131 sunmak istiyoruz.\u201d<\/p>\n\n\n\n<h2 class=\"wp-block-heading\"><strong>Kad\u0131n Eme\u011fi, Dayan\u0131\u015fma, \u00dcretim&#8230;<\/strong><\/h2>\n\n\n\n<p class=\"wp-block-paragraph\">At\u00f6lyeye kat\u0131lan kad\u0131nlar i\u00e7in bu s\u00fcre\u00e7, \u00e7evresel bir faaliyetin \u00e7ok daha \u00f6tesinde; sosyal ve ekonomik bir nefes alan\u0131 anlam\u0131na geliyor. 2-3 May\u0131s tarihlerinde d\u00fczenlenen 2. Amed Kad\u0131n K\u00fclt\u00fcr Emek ve Sanat Bulu\u015fmas\u0131 kapsam\u0131nda \u00fc\u00e7\u00fcnc\u00fcs\u00fc ger\u00e7ekle\u015ftirilen geri d\u00f6n\u00fc\u015f\u00fcm at\u00f6lyesine kat\u0131lan kad\u0131nlar\u0131n anlat\u0131mlar\u0131 ise \u015f\u00f6yle:<\/p>\n\n\n\n<p class=\"wp-block-paragraph\">At\u00f6lye kat\u0131lan 35 ya\u015f\u0131ndaki ev han\u0131m\u0131 Ebru Ayd\u0131n kad\u0131nlar\u0131n \u00fcretim s\u00fcrecinde daha aktif olmas\u0131 gerekti\u011fini savunurken, bu at\u00f6lyelerin gelecekte kooperatifle\u015fmeye d\u00f6n\u00fc\u015febilece\u011fi hayalini kuruyor. Ona g\u00f6re kad\u0131nlar\u0131n bir araya gelerek \u00fcretti\u011fi her \u015fey, hem do\u011fa hem de ekonomi i\u00e7in paha bi\u00e7ilemez bir de\u011fer.<\/p>\n\n\n\n<figure class=\"wp-block-image size-large\"><img loading=\"lazy\" decoding=\"async\" width=\"1024\" height=\"681\" src=\"https:\/\/newslabturkey.org\/sojo\/wp-content\/uploads\/2026\/06\/image-46-1024x681.png\" alt=\"\" class=\"wp-image-930\" srcset=\"https:\/\/newslabturkey.org\/sojo\/wp-content\/uploads\/2026\/06\/image-46-1024x681.png 1024w, https:\/\/newslabturkey.org\/sojo\/wp-content\/uploads\/2026\/06\/image-46-300x199.png 300w, https:\/\/newslabturkey.org\/sojo\/wp-content\/uploads\/2026\/06\/image-46-768x510.png 768w, https:\/\/newslabturkey.org\/sojo\/wp-content\/uploads\/2026\/06\/image-46-1536x1021.png 1536w, https:\/\/newslabturkey.org\/sojo\/wp-content\/uploads\/2026\/06\/image-46-240x160.png 240w, https:\/\/newslabturkey.org\/sojo\/wp-content\/uploads\/2026\/06\/image-46.png 1920w\" sizes=\"auto, (max-width: 1024px) 100vw, 1024px\" \/><figcaption class=\"wp-element-caption\"><em>Ebru Ayd\u0131n\/ At\u00f6lye kat\u0131l\u0131mc\u0131s\u0131<\/em><\/figcaption><\/figure>\n\n\n\n<p class=\"wp-block-paragraph\">Bir di\u011fer at\u00f6lye kat\u0131l\u0131mc\u0131s\u0131 Makbule Y\u0131ld\u0131r\u0131m ise at\u00f6lyeyi bir \u201cyeniden \u00f6\u011frenme dura\u011f\u0131\u201d olarak g\u00f6r\u00fcyor. \u201cHer e\u015fya bir \u015fans\u0131 hak eder\u201d diyen Y\u0131ld\u0131r\u0131m, daha \u00f6nce \u00e7\u00f6pe att\u0131\u011f\u0131 nesneleri art\u0131k birer sanat eserine d\u00f6n\u00fc\u015ft\u00fcr\u00fcrken \u00e7ocuklu\u011funa d\u00f6nd\u00fc\u011f\u00fcn\u00fc ve bu payla\u015f\u0131m\u0131n ruhuna \u00e7ok iyi geldi\u011fini ifade ediyor.<\/p>\n\n\n\n<figure class=\"wp-block-image size-large\"><img loading=\"lazy\" decoding=\"async\" width=\"1024\" height=\"681\" src=\"https:\/\/newslabturkey.org\/sojo\/wp-content\/uploads\/2026\/06\/image-13-1024x681.png\" alt=\"\" class=\"wp-image-858\" srcset=\"https:\/\/newslabturkey.org\/sojo\/wp-content\/uploads\/2026\/06\/image-13-1024x681.png 1024w, https:\/\/newslabturkey.org\/sojo\/wp-content\/uploads\/2026\/06\/image-13-300x199.png 300w, https:\/\/newslabturkey.org\/sojo\/wp-content\/uploads\/2026\/06\/image-13-768x510.png 768w, https:\/\/newslabturkey.org\/sojo\/wp-content\/uploads\/2026\/06\/image-13-1536x1021.png 1536w, https:\/\/newslabturkey.org\/sojo\/wp-content\/uploads\/2026\/06\/image-13-240x160.png 240w, https:\/\/newslabturkey.org\/sojo\/wp-content\/uploads\/2026\/06\/image-13.png 1920w\" sizes=\"auto, (max-width: 1024px) 100vw, 1024px\" \/><figcaption class=\"wp-element-caption\"><em>Foto\u011fraf: \u015eeniz Eken<\/em><\/figcaption><\/figure>\n\n\n\n<p class=\"wp-block-paragraph\">Mizgin Kumral, i\u015fin ekonomik boyutuna dikkat \u00e7ekiyor. Maddi zorluklar\u0131n bir\u00e7ok imkan\u0131 k\u0131s\u0131tlad\u0131\u011f\u0131 bir d\u00f6nemde, hi\u00e7bir ek maliyet gerektirmeden \u00fcretmenin \u00f6nemine de\u011finiyor. Evdeki malzemelerle yap\u0131lan \u00fcr\u00fcnlerin hediye edilebildi\u011fini hatta sat\u0131labildi\u011fini belirten Kumral, at\u00f6lye s\u0131ras\u0131nda ger\u00e7ekle\u015fen sat\u0131\u015flar\u0131n kad\u0131nlar i\u00e7in k\u00fc\u00e7\u00fck ama motive edici bir ba\u015flang\u0131\u00e7 oldu\u011funu s\u00f6yl\u00fcyor.<\/p>\n\n\n\n<h2 class=\"wp-block-heading\"><strong>De\u011fi\u015fen Bak\u0131\u015f A\u00e7\u0131s\u0131&#8230;<\/strong><\/h2>\n\n\n\n<p class=\"wp-block-paragraph\">Kad\u0131nlar\u0131n hikayelerinde ortakla\u015fan en temel duygu, sadece at\u0131\u011f\u0131n de\u011fil, \u201cbak\u0131\u015f a\u00e7\u0131s\u0131n\u0131n\u201d de\u011fi\u015fmesi. At\u00f6lyeler, \u201c\u00e7\u00f6p\u201d alg\u0131s\u0131n\u0131 y\u0131karak yerine yarat\u0131c\u0131 bir de\u011ferlendirme prati\u011fi in\u015fa ediyor. Kat\u0131l\u0131mc\u0131lar i\u00e7in bu s\u00fcre\u00e7; \u00e7evreye katk\u0131 sunman\u0131n yan\u0131 s\u0131ra birlikte \u00fcretmenin, dayan\u0131\u015fman\u0131n ve toplumda g\u00f6r\u00fcn\u00fcr olman\u0131n en samimi yolu haline gelmi\u015f durumda.<\/p>\n\n\n\n<p class=\"wp-block-paragraph\">\u201cAtma D\u00f6n\u00fc\u015ft\u00fcr\u201d at\u00f6lyeleri, bug\u00fcn Diyarbak\u0131r\u2019da \u00e7evresel bir fark\u0131ndal\u0131k projesi olarak, kad\u0131n eme\u011fini ve toplumsal dayan\u0131\u015fmay\u0131 b\u00fcy\u00fcterek, s\u00fcrd\u00fcr\u00fclebilir bir ya\u015fam\u0131n\u0131n nas\u0131l olmas\u0131na katk\u0131 sa\u011fl\u0131yor.<\/p>\n\n\n\n<hr class=\"wp-block-separator has-alpha-channel-opacity\"\/>\n\n\n\n<p class=\"wp-block-paragraph\"><strong>Dijital Medya Ara\u015ft\u0131rmalar\u0131 Derne\u011fi taraf\u0131ndan desteklenen bu i\u00e7erik ilk olarak&nbsp; <a href=\"https:\/\/nehaberajansi.com\/haber\/atma-donustur-atolyesi-kadin-emegiyle-hayat-bulan-atiklar-20260513\">Ne Haber Ajans\u0131<\/a>&#8216;nda<\/strong> <strong>yay\u0131nlanm\u0131\u015ft\u0131r.<\/strong><\/p>\n","protected":false},"excerpt":{"rendered":"<p>Diyarbak\u0131r B\u00fcy\u00fck\u015fehir Belediyesi b\u00fcnyesindeki \u0130klim De\u011fi\u015fikli\u011fi ve S\u0131f\u0131r At\u0131k Dairesi ile Agro-Ekoloji \u0130klim Okulu\u2019nun el birli\u011fiyle y\u00fcr\u00fctt\u00fc\u011f\u00fc bu \u00e7al\u0131\u015fmalar, at\u0131klar\u0131 yeniden ekonomiye kazand\u0131r\u0131rken; kad\u0131nlar\u0131n aktif kat\u0131l\u0131m\u0131yla kolektif bir \u00fcretim alan\u0131na kap\u0131 aral\u0131yor. Gelece\u011fe Kalan E\u015fyalar Bu at\u00f6lyeler, sadece klasik bir geri d\u00f6n\u00fc\u015f\u00fcm faaliyeti de\u011fil; evde \u201cfazlal\u0131k\u201d ya da \u201c\u00e7\u00f6p\u201d g\u00f6z\u00fcyle bak\u0131lan e\u015fyalar\u0131n asl\u0131nda nas\u0131l birer [&hellip;]<\/p>\n","protected":false},"author":16,"featured_media":851,"comment_status":"closed","ping_status":"closed","sticky":false,"template":"","format":"standard","meta":{"footnotes":""},"categories":[8],"tags":[],"class_list":["post-849","post","type-post","status-publish","format-standard","has-post-thumbnail","hentry","category-cozum-gazeteciligi"],"amp_enabled":true,"_links":{"self":[{"href":"https:\/\/newslabturkey.org\/sojo\/wp-json\/wp\/v2\/posts\/849","targetHints":{"allow":["GET"]}}],"collection":[{"href":"https:\/\/newslabturkey.org\/sojo\/wp-json\/wp\/v2\/posts"}],"about":[{"href":"https:\/\/newslabturkey.org\/sojo\/wp-json\/wp\/v2\/types\/post"}],"author":[{"embeddable":true,"href":"https:\/\/newslabturkey.org\/sojo\/wp-json\/wp\/v2\/users\/16"}],"replies":[{"embeddable":true,"href":"https:\/\/newslabturkey.org\/sojo\/wp-json\/wp\/v2\/comments?post=849"}],"version-history":[{"count":0,"href":"https:\/\/newslabturkey.org\/sojo\/wp-json\/wp\/v2\/posts\/849\/revisions"}],"wp:featuredmedia":[{"embeddable":true,"href":"https:\/\/newslabturkey.org\/sojo\/wp-json\/wp\/v2\/media\/851"}],"wp:attachment":[{"href":"https:\/\/newslabturkey.org\/sojo\/wp-json\/wp\/v2\/media?parent=849"}],"wp:term":[{"taxonomy":"category","embeddable":true,"href":"https:\/\/newslabturkey.org\/sojo\/wp-json\/wp\/v2\/categories?post=849"},{"taxonomy":"post_tag","embeddable":true,"href":"https:\/\/newslabturkey.org\/sojo\/wp-json\/wp\/v2\/tags?post=849"}],"curies":[{"name":"wp","href":"https:\/\/api.w.org\/{rel}","templated":true}]}}