{"id":1095,"date":"2026-08-17T07:05:02","date_gmt":"2026-08-17T07:05:02","guid":{"rendered":"https:\/\/newslabturkey.org\/sojo\/?p=1095"},"modified":"2026-08-17T07:05:04","modified_gmt":"2026-08-17T07:05:04","slug":"dayanisma-karin-doyurursa-gida-topluluklari-gercek-gidaya-erisimi-nasil-mumkun-kiliyor","status":"publish","type":"post","link":"https:\/\/newslabturkey.org\/sojo\/2026\/08\/17\/dayanisma-karin-doyurursa-gida-topluluklari-gercek-gidaya-erisimi-nasil-mumkun-kiliyor\/","title":{"rendered":"Dayan\u0131\u015fma kar\u0131n doyurursa: G\u0131da topluluklar\u0131 ger\u00e7ek g\u0131daya eri\u015fimi nas\u0131l m\u00fcmk\u00fcn k\u0131l\u0131yor?"},"content":{"rendered":"\n<p class=\"wp-block-paragraph\">G\u0131da krizi bug\u00fcn herkesin do\u011frudan y\u00fczle\u015fti\u011fi bir ger\u00e7ek. Artan fiyatlar, \u00fcretim s\u00fcre\u00e7lerine dair belirsizlikler ve g\u00fcvensizlikler yaln\u0131zca g\u0131daya eri\u015fimi de\u011fil, g\u0131dadan sa\u011flanan fayday\u0131 da tart\u0131\u015fmal\u0131 hale getiriyor. Bu nedenle mesele yaln\u0131zca g\u0131daya eri\u015fim de\u011fil, nas\u0131l bir g\u0131da sistemi i\u00e7inde ya\u015fad\u0131\u011f\u0131m\u0131z sorusu haline geliyor. G\u0131da topluluklar\u0131 ise tam da bu noktada, \u00fcretici ile t\u00fcketici aras\u0131nda do\u011frudan, arac\u0131s\u0131z ve g\u00fcvene dayal\u0131 bir ili\u015fki kurarak alternatif bir yol sunuyor. Bir g\u0131da toplulu\u011funda s\u00fcre\u00e7 olduk\u00e7a basit i\u015fliyor: Topluluk, birlikte \u00e7al\u0131\u015faca\u011f\u0131 \u00fcreticileri belirliyor. \u00dcreticiler mevsimlik \u00fcr\u00fcn listelerini payla\u015f\u0131yor. T\u00fcreticiler (yani yaln\u0131zca t\u00fcketmeyen, s\u00fcrece aktif kat\u0131lan topluluk \u00fcyeleri) bu liste \u00fczerinden sipari\u015f veriyor. Belirlenen g\u00fcnlerde \u00fcr\u00fcnler da\u011f\u0131t\u0131m noktas\u0131na geliyor ve \u00f6demeler do\u011frudan \u00fcreticiye yap\u0131l\u0131yor. T\u00fcm s\u00fcre\u00e7 g\u00f6n\u00fcll\u00fcl\u00fck ve kar\u015f\u0131l\u0131kl\u0131 g\u00fcven \u00fczerine kurulu. Di\u011fer yandan bu model yaln\u0131zca belirli \u015fehirlerle s\u0131n\u0131rl\u0131 de\u011fil; T\u00fcrkiye genelinde giderek yayg\u0131nla\u015fan bir a\u011f\u0131n par\u00e7as\u0131. Farkl\u0131 \u015fehirlerde faaliyet g\u00f6steren g\u0131da topluluklar\u0131n\u0131 bir araya getiren G\u0131da Topluluklar\u0131 Platformu ve Ekoharita gibi \u00e7al\u0131\u015fmalar, bu yap\u0131lar\u0131n farkl\u0131 \u00f6l\u00e7eklerde \u00e7o\u011fald\u0131\u011f\u0131n\u0131 ve yerel ko\u015fullara g\u00f6re \u00e7e\u015fitlendi\u011fini g\u00f6steriyor. UZAK MESAFE \u0130L\u0130\u015eK\u0130S\u0130 SEVMEYENLER \u0130\u00c7\u0130N TARLADAN SOFRAYA B\u0130R YOL Modern g\u0131da sistemleri \u00e7o\u011fu zaman \u00fcretici ile t\u00fcketici aras\u0131na \u00e7ok say\u0131da arac\u0131 koyuyor. \u00dcr\u00fcnler tarladan \u00e7\u0131k\u0131p depolara, toptanc\u0131lara, lojistik a\u011flara ve zincir marketlere ula\u015fana kadar uzun bir yolculuk yap\u0131yor. Bu s\u00fcre\u00e7te hem g\u0131dan\u0131n izlenebilirli\u011fi zorla\u015f\u0131yor hem de \u00fcreticinin eme\u011fi ile t\u00fcketicinin \u00f6dedi\u011fi fiyat aras\u0131ndaki fark b\u00fcy\u00fcyor. G\u0131da topluluklar\u0131 ise bu mesafenin k\u0131sald\u0131\u011f\u0131, \u00fcretici ile t\u00fcketici aras\u0131nda do\u011frudan ili\u015fki kurulmas\u0131n\u0131 sa\u011flayan bir model sunuyor. Bu uzun zincirin \u00fcretici ve t\u00fcketici aras\u0131ndaki fiyat fark\u0131n\u0131 nas\u0131l b\u00fcy\u00fctt\u00fc\u011f\u00fc, T.C. Ticaret Bakanl\u0131\u011f\u0131\u2019n\u0131n geli\u015ftirdi\u011fi Hal Kay\u0131t Sistemi\u2019nin \u201cK\u00fcnye\u201d uygulamas\u0131 \u00fczerinden de g\u00f6r\u00fclebiliyor. Sistem sayesinde t\u00fcketiciler, sebze ve meyvelerin \u00fcretim yeri, \u00fcreticisi, sevk s\u00fcreci ve farkl\u0131 a\u015famalardaki fiyat de\u011fi\u015fimleri gibi bilgilere ula\u015fabiliyor. Bir \u00fcr\u00fcn\u00fcn tarladan market raf\u0131na ula\u015fana kadar ka\u00e7 kez el de\u011fi\u015ftirdi\u011fini g\u00f6rmek, g\u0131da topluluklar\u0131n\u0131n neden \u201ck\u0131sa g\u0131da tedarik zinciri\u201d yakla\u015f\u0131m\u0131n\u0131 \u00f6nemsedi\u011fini daha g\u00f6r\u00fcn\u00fcr hale getiriyor. \u00dcr\u00fcn \u00e7o\u011fu zaman \u00e7ift\u00e7iden t\u00fcccara, t\u00fcccardan hale, bazen hal i\u00e7inde ba\u015fka t\u00fcccarlara, ard\u0131ndan market zincirlerine ula\u015f\u0131yor. Her a\u015famada eklenen k\u00e2r pay\u0131, nakliye ve da\u011f\u0131t\u0131m maliyetleriyle birlikte \u00fcreticinin satt\u0131\u011f\u0131 fiyat ile t\u00fcketicinin rafta kar\u015f\u0131la\u015ft\u0131\u011f\u0131 fiyat aras\u0131nda ciddi farklar olu\u015fabiliyor. Hal Kay\u0131t Sistemi\u2019nde yer alan veriler de fiyat\u0131n yaln\u0131zca \u00fcretim maliyetleri nedeniyle de\u011fil ayn\u0131 zamanda \u00fcr\u00fcn\u00fcn ge\u00e7ti\u011fi arac\u0131lar ve da\u011f\u0131t\u0131m s\u00fcre\u00e7leri nedeniyle katlanarak artt\u0131\u011f\u0131n\u0131 ortaya koyuyor.<\/p>\n\n\n\n<p class=\"wp-block-paragraph\">SADECE ARACISIZLIK DE\u011e\u0130L, B\u0130R \u00dcRET\u0130M FELSEFES\u0130<\/p>\n\n\n\n<p class=\"wp-block-paragraph\">B\u00fct\u00fcn bunlara de\u011finirken g\u0131da topluluklar\u0131 ve agroekoloji ili\u015fkisini de g\u00f6z ard\u0131 etmemek gerekir. G\u0131da topluluklar\u0131n\u0131n ortaya \u00e7\u0131k\u0131\u015f\u0131nda yaln\u0131zca ekonomik kayg\u0131lar de\u011fil, ayn\u0131 zamanda agroekoloji yakla\u015f\u0131m\u0131n\u0131n y\u00fckseli\u015fi de etkili. Agroekoloji, tar\u0131m\u0131 yaln\u0131zca bir \u00fcretim faaliyeti olarak de\u011fil, ekosistemlerle uyum i\u00e7inde y\u00fcr\u00fct\u00fclen bir ya\u015fam bi\u00e7imi olarak ele al\u0131yor. Topra\u011f\u0131n sa\u011fl\u0131\u011f\u0131n\u0131 koruyan \u00fcretim y\u00f6ntemleri, yerel \u00e7e\u015fitlili\u011fin s\u00fcrd\u00fcr\u00fclmesi ve \u00fcretici ile t\u00fcketici aras\u0131ndaki sosyal ba\u011flar\u0131n g\u00fc\u00e7lendirilmesi bu yakla\u015f\u0131m\u0131n temel ilkeleri aras\u0131nda yer al\u0131yor. G\u0131da topluluklar\u0131n\u0131n hassasiyeti olan ger\u00e7ek g\u0131daya eri\u015fimde anahtar y\u00f6ntem agroekolojiden ge\u00e7iyor. \u00dcreticinin eme\u011finin kar\u015f\u0131l\u0131k bulamamas\u0131 ise s\u00fcrd\u00fcr\u00fclebilir \u00fcretimin \u00f6n\u00fcndeki en b\u00fcy\u00fck engellerden biri. \u201cK\u0131sa g\u0131da tedarik zinciri\u201d yakla\u015f\u0131m\u0131 da tam olarak bu noktada, \u00fcretici ile t\u00fcketici aras\u0131ndaki mesafeyi azaltarak \u00e7\u00f6z\u00fcm \u00fcretmeyi hedefliyor.<\/p>\n\n\n\n<p class=\"wp-block-paragraph\">KAR\u015eILIKLI SORUMLULU\u011eUN B\u0130R \u0130FADES\u0130 OLARAK T\u00dcRET\u0130C\u0130 KAVRAMI<\/p>\n\n\n\n<p class=\"wp-block-paragraph\">G\u0131da topluluklar\u0131nda dikkat \u00e7eken kavramlardan biri de \u201ct\u00fcketici\u201d yerine kullan\u0131lan \u201ct\u00fcretici\u201d kelimesi. Bu kavram, yaln\u0131zca sat\u0131n alan bir m\u00fc\u015fteri olman\u0131n \u00f6tesinde s\u00fcrecin par\u00e7as\u0131 olan bir topluluk \u00fcyesini ifade ediyor. T\u00fcreticiler yaln\u0131zca sipari\u015f veren ki\u015filer de\u011fil; ayn\u0131 zamanda \u00fcreticilerle ileti\u015fim kuran, da\u011f\u0131t\u0131m organizasyonlar\u0131na destek olan ve toplulu\u011fun s\u00fcrd\u00fcr\u00fclebilirli\u011fine katk\u0131 sa\u011flayan ki\u015filer.<\/p>\n\n\n\n<p class=\"wp-block-paragraph\">GED\u0130Z EKOLOJ\u0130 TOPLULU\u011eU: KURALLARI OLAN B\u0130R TOPLULUK<\/p>\n\n\n\n<p class=\"wp-block-paragraph\">Bu modelin \u0130zmir\u2019deki \u00f6rneklerinden biri olan Gediz Ekoloji Toplulu\u011fu (GETO), g\u0131da topluluklar\u0131n\u0131n nas\u0131l i\u015fledi\u011fini ve ne t\u00fcr imk\u00e2nlar sundu\u011funu anlamak i\u00e7in \u00f6nemli bir \u00f6rnek olu\u015fturuyor. Gediz Ekoloji Toplulu\u011fu 2015 y\u0131l\u0131nda \u0130zmir\u2019de kurulan, yerel ve do\u011fa dostu \u00fcretimi destekleyen \u00fcretici ve t\u00fcreticilerden olu\u015fan g\u00f6n\u00fcll\u00fcl\u00fck temelli bir g\u0131da toplulu\u011fu. Kat\u0131l\u0131mc\u0131 Onay Sistemi ve Topluluk Destekli Tar\u0131m gibi y\u00f6ntemlere dayanan bu yap\u0131, \u00fcretici ile t\u00fcretici aras\u0131nda arac\u0131s\u0131z, \u015feffaf ve g\u00fcvene dayal\u0131 bir ili\u015fki kurmay\u0131 ama\u00e7l\u0131yor. Toplulu\u011fun i\u015fleyi\u015fi; \u00fcreticilerin birlikte belirlenmesi, mevsimsel \u00fcr\u00fcn listeleri \u00fczerinden sipari\u015f verilmesi ve \u00fcr\u00fcnlerin do\u011frudan \u00fcreticiden teslim al\u0131nd\u0131\u011f\u0131 da\u011f\u0131t\u0131m g\u00fcnleri etraf\u0131nda \u015fekilleniyor. Bug\u00fcn yakla\u015f\u0131k 25 \u00fcretici ve 170 t\u00fcreticiden olu\u015fan GETO, iki haftada bir d\u00fczenli olarak ger\u00e7ekle\u015ftirdi\u011fi da\u011f\u0131t\u0131mlarla hem k\u00fc\u00e7\u00fck \u00f6l\u00e7ekli \u00fcreticiyi desteklemeyi hem de t\u00fcreticilerin g\u00fcvenilir g\u0131daya eri\u015fimini sa\u011flamay\u0131 hedefliyor. GETO\u2019da \u00fcretici ve t\u00fcretici ili\u015fkisi yaln\u0131zca g\u00fcvene de\u011fil, ayn\u0131 zamanda yaz\u0131l\u0131 kurallar ve ortak ilkeler \u00fczerinden y\u00fcr\u00fct\u00fcl\u00fcyor.<\/p>\n\n\n\n<p class=\"wp-block-paragraph\">GIDA TOPLULUKLARI \u00dcRET\u0130C\u0130 \u0130\u00c7\u0130N NE \u0130FADE ED\u0130YOR?<\/p>\n\n\n\n<p class=\"wp-block-paragraph\">T\u00fcrkiye\u2019de k\u00fc\u00e7\u00fck \u00f6l\u00e7ekli \u00fcreticiler i\u00e7in tar\u0131m giderek zorla\u015fan bir alan. Artan girdi maliyetleri, belirsiz piyasa ko\u015fullar\u0131 ve iklim krizinin etkileri bir\u00e7ok \u00e7ift\u00e7iyi \u00fcretimden uzakla\u015ft\u0131r\u0131yor. Bu modelin \u00fcretici taraf\u0131ndaki kar\u015f\u0131l\u0131\u011f\u0131n\u0131 anlamak i\u00e7in Gediz Ekoloji Toplulu\u011fu \u00fcreticilerinden Sultan Pilavc\u0131lar\u2019\u0131n deneyimi \u00f6nemli bir \u00f6rnek sunuyor. Pilavc\u0131lar, \u00fcretime 2021 y\u0131l\u0131nda ba\u015flad\u0131klar\u0131n\u0131 ve son iki y\u0131ld\u0131r GETO i\u00e7in \u00fcretim yapt\u0131klar\u0131n\u0131 anlat\u0131yor. Asl\u0131nda s\u00fcrece bir t\u00fcretici olarak dahil oldu\u011funu belirten Pilavc\u0131lar, toplulukta \u00fcretici eksikli\u011fi fark edilince \u201cDaha fazla \u00fcretir misiniz?\u201d sorusuyla bu yolculu\u011fun ba\u015flad\u0131\u011f\u0131n\u0131 s\u00f6yl\u00fcyor. GETO ile birlikte \u00fcretimlerini art\u0131rd\u0131klar\u0131n\u0131 ve daha planl\u0131 bir s\u00fcrece ge\u00e7tiklerini ifade eden Pilavc\u0131lar, \u201c\u0130htiyaca y\u00f6nelik \u00fcretim yapabiliyoruz\u201d diyor. Ona g\u00f6re bu model yaln\u0131zca bir sat\u0131\u015f kanal\u0131 de\u011fil ayn\u0131 zamanda \u00f6\u011frenme ve dayan\u0131\u015fma alan\u0131. Ald\u0131klar\u0131 agroekoloji e\u011fitimleri ve \u00fcreticiler aras\u0131 bilgi payla\u015f\u0131m\u0131 sayesinde \u00fcretim bi\u00e7imlerini geli\u015ftirdiklerini belirten Pilavc\u0131lar, \u201cBilin\u00e7li t\u00fcketiciler olmasa yapt\u0131\u011f\u0131m\u0131z\u0131n bir k\u0131ymeti olmaz. Eme\u011fimizin anla\u015f\u0131lmas\u0131 bize manevi bir doygunluk sa\u011fl\u0131yor\u201d s\u00f6zleriyle t\u00fcreticiyle kurulan ili\u015fkinin \u00f6nemini vurguluyor. Bununla birlikte \u00fcretimin hala bir\u00e7ok belirsizlik bar\u0131nd\u0131rd\u0131\u011f\u0131n\u0131, hava ko\u015fullar\u0131, i\u015f g\u00fcc\u00fc ve maliyetlerin s\u00fcreci zorla\u015ft\u0131rd\u0131\u011f\u0131n\u0131 da ekliyor. Pilavc\u0131lar\u2019\u0131n \u00fcretim prati\u011fi, g\u0131da topluluklar\u0131n\u0131n yaln\u0131zca sat\u0131\u015f de\u011fil ayn\u0131 zamanda bir denge sistemi olarak nas\u0131l i\u015fledi\u011fini de g\u00f6steriyor. Pisa Bah\u00e7e\u2019de \u00f6zellikle k\u0131nal\u0131 bamya \u00fcretimi yapan Pilavc\u0131lar, bu \u00fcr\u00fcn\u00fcn g\u00fcnl\u00fck hasat gerektirdi\u011fini ve raf \u00f6mr\u00fcn\u00fcn k\u0131sa olmas\u0131 nedeniyle taze olarak yakla\u015f\u0131k 15 g\u00fcn i\u00e7inde t\u00fcketilmesi gerekti\u011fini anlat\u0131yor. Bu nedenle \u00fcretimi, toplulu\u011fun talebine g\u00f6re planlad\u0131klar\u0131n\u0131 belirtiyor. Verim fazlas\u0131 durumlarda ise \u00fcr\u00fcnleri kurutma ya da tur\u015fu yapma gibi y\u00f6ntemlerle de\u011ferlendirdiklerini, ancak \u00f6nceli\u011fin her zaman topluluk ihtiyac\u0131n\u0131 kar\u015f\u0131lamak oldu\u011funu s\u00f6yl\u00fcyor. Ayr\u0131ca domates ve biber gibi farkl\u0131 \u00fcr\u00fcnler de yeti\u015ftirdiklerini, ancak topluluk i\u00e7inde ayn\u0131 \u00fcr\u00fcn\u00fc \u00fcreten ba\u015fka \u00fcreticiler varsa bu \u00fcr\u00fcnleri sat\u0131\u015fa sunmamay\u0131 tercih ettiklerini ekliyor. Bu yakla\u015f\u0131m\u0131n, topluluk i\u00e7inde arz-talep dengesini korumaya ve \u00fcreticiler aras\u0131nda rekabet yerine dayan\u0131\u015fmay\u0131 g\u00fc\u00e7lendirmeye hizmet etti\u011fini vurguluyor. Bir\u00e7ok \u00fcretici i\u00e7in g\u0131da topluluklar\u0131 yaln\u0131zca \u00fcr\u00fcn sat\u0131lan bir platform de\u011fil; ayn\u0131 zamanda eme\u011fin g\u00f6r\u00fcn\u00fcr oldu\u011fu bir alan. Bu durum, \u00fcreticinin motivasyonunu yaln\u0131zca ekonomik de\u011fil, emek ile de\u011fer aras\u0131ndaki ili\u015fkinin manevi boyutunu da g\u00fc\u00e7lendirerek destekliyor.<\/p>\n\n\n\n<p class=\"wp-block-paragraph\">Bu manevi boyutu olu\u015fturan temel g\u0131da topluluklar\u0131na kat\u0131lan ki\u015filer i\u00e7in s\u00fcrecin \u00e7o\u011fu zaman yaln\u0131zca al\u0131\u015fveri\u015ften ibaret olmamas\u0131. Topluluk \u00fcyeleri \u00fcretim s\u00fcre\u00e7leri hakk\u0131nda daha fazla bilgi edinme, \u00fcreticilerle do\u011frudan ileti\u015fim kurma ve mevsimselli\u011fi \u00f6\u011frenme f\u0131rsat\u0131 buluyor. Bir\u00e7ok ki\u015fi i\u00e7in bu deneyim g\u0131dayla kurulan ili\u015fkinin d\u00f6n\u00fc\u015fmesine neden oluyor. Sebzelerin y\u0131l\u0131n hangi d\u00f6neminde yeti\u015fti\u011fini \u00f6\u011frenmek, \u00fcretim ko\u015fullar\u0131n\u0131 g\u00f6rmek ve tar\u0131msal eme\u011fi daha yak\u0131ndan tan\u0131mak g\u0131da topluluklar\u0131n\u0131n g\u00f6r\u00fcnmeyen etkilerinden biri. Do\u011fa ile yeniden bir ili\u015fki kurulmas\u0131 i\u00e7in bir k\u00f6pr\u00fc olarak da de\u011ferlendirmek m\u00fcmk\u00fcn oluyor.<\/p>\n\n\n\n<p class=\"wp-block-paragraph\">HERKES \u0130\u00c7\u0130N M\u00dcMK\u00dcN M\u00dc?<\/p>\n\n\n\n<p class=\"wp-block-paragraph\">G\u0131da topluluklar\u0131 bir\u00e7ok ki\u015fi i\u00e7in ilham verici bir model olsa da \u00f6l\u00e7ek b\u00fcy\u00fcd\u00fck\u00e7e yayg\u0131nla\u015ft\u0131rmas\u0131 zor bir hale geliyor. Topluluklar\u0131n b\u00fcy\u00fckl\u00fc\u011f\u00fc artt\u0131k\u00e7a organizasyon s\u00fcre\u00e7leri karma\u015f\u0131k hale gelebiliyor. Ayr\u0131ca \u00fcretici say\u0131s\u0131n\u0131n s\u0131n\u0131rl\u0131 olmas\u0131 modelin \u00e7ok b\u00fcy\u00fck \u00f6l\u00e7eklerde uygulanmas\u0131n\u0131 zorla\u015ft\u0131rabiliyor. \u00d6te yandan fiyatlar\u0131n baz\u0131 durumlarda y\u00fcksek bulunmas\u0131, da\u011f\u0131t\u0131m noktalar\u0131n\u0131n konumu ve g\u00f6n\u00fcll\u00fc kat\u0131l\u0131m gerektirmesi bu modeli s\u0131n\u0131rlayan unsurlar aras\u0131nda. Buna ra\u011fmen, \u00fcretim s\u00fcre\u00e7lerinin \u015feffafl\u0131\u011f\u0131 ve do\u011frudan ili\u015fki kurma imk\u00e2n\u0131 nedeniyle bir\u00e7ok ki\u015fi i\u00e7in anlaml\u0131 bir alternatif olmaya devam ediyor. Fethiye\u2019de g\u0131da toplulu\u011fu deneyimi, modelin hem potansiyelini hem de s\u0131n\u0131rlar\u0131n\u0131 somut bi\u00e7imde ortaya koyuyor. T\u00fcretim A\u011f\u0131 Derne\u011fi\u2019nden G\u00f6rkem G\u00f6kta\u015f, b\u00f6lgede daha \u00f6nce aktif olan g\u0131da toplulu\u011funun ilk olarak iki ki\u015finin bir \u00fcreticiyle anla\u015farak sipari\u015f toplamas\u0131 ve \u00fcr\u00fcnleri da\u011f\u0131tmas\u0131yla ba\u015flad\u0131\u011f\u0131n\u0131, pandemi d\u00f6neminde ise bu yap\u0131n\u0131n yakla\u015f\u0131k 100 t\u00fcreticiye ula\u015fan daha \u00f6rg\u00fctl\u00fc bir hale geldi\u011fini anlat\u0131yor. Bu s\u00fcre\u00e7te g\u0131da toplulu\u011fu, \u00f6zellikle belirsizliklerin artt\u0131\u011f\u0131 d\u00f6nemde hem \u00fcretici hem de t\u00fcketici i\u00e7in g\u00fcvenilir bir alternatif olu\u015fturuyor. \u00dcretici \u00fcr\u00fcn\u00fcn\u00fc kime sataca\u011f\u0131n\u0131 bilirken, t\u00fcretici de do\u011frudan \u00fcreticiden temin etti\u011fi g\u0131dan\u0131n nas\u0131l \u00fcretildi\u011fini \u00f6\u011frenebiliyor. Ancak zamanla \u00fcreticilerin yerel pazarlarda da sat\u0131\u015f yapmaya ba\u015flamas\u0131 ve t\u00fcketicilerin bu kanallara y\u00f6nelmesiyle model bi\u00e7im de\u011fi\u015ftiriyor ve bug\u00fcn daha \u00e7ok slow food yakla\u015f\u0131m\u0131 ile Fethiye Slow Food hareketi olarak devam ediyor. G\u00f6kta\u015f\u2019a g\u00f6re bu deneyim, g\u0131da topluluklar\u0131n\u0131n sabit bir modelden ziyade yerelin dinamiklerine g\u00f6re d\u00f6n\u00fc\u015febilen yap\u0131lar oldu\u011funu g\u00f6steriyor. Fethiye\u2019de \u00fcretici \u00e7e\u015fitlili\u011finin g\u00f6rece y\u00fcksek olmas\u0131, k\u00f6ylerle kent aras\u0131ndaki mesafenin k\u0131sa olmas\u0131 ve b\u00f6lgeye sonradan yerle\u015fen bilin\u00e7li \u00fcreticilerin varl\u0131\u011f\u0131 bu t\u00fcr bir yap\u0131y\u0131 m\u00fcmk\u00fcn k\u0131lan \u00f6nemli unsurlar aras\u0131nda. \u00d6zellikle t\u00fcm ge\u00e7imini \u00e7ift\u00e7ilikten sa\u011flayan \u00fcreticiler i\u00e7in g\u0131da topluluklar\u0131, yaln\u0131zca bir sat\u0131\u015f kanal\u0131 de\u011fil, daha \u00f6ng\u00f6r\u00fclebilir ve do\u011frudan bir gelir kayna\u011f\u0131 anlam\u0131na geliyor. G\u00f6kta\u015f, \u00f6rne\u011fin taleplere yeti\u015fmekte zorlanan \u00fcreticiler oldu\u011funu ve bu modelin onlar\u0131n \u00fcretimlerini s\u00fcrd\u00fcrebilmeleri a\u00e7\u0131s\u0131ndan ciddi bir destek sundu\u011funu aktar\u0131yor. Ayn\u0131 zamanda bu ili\u015fki yaln\u0131zca ekonomik de\u011fil; \u00fcreticiyle kurulan do\u011frudan temas, zamanla kar\u015f\u0131l\u0131kl\u0131 g\u00fcvene ve hatta sosyal ba\u011flara d\u00f6n\u00fc\u015ferek hem \u00fcreticiyi hem de t\u00fcreticiyi d\u00f6n\u00fc\u015ft\u00fcren bir s\u00fcrece evriliyor. \u00d6te yandan hem Fethiye\u2019deki deneyim hem de \u0130zmir\u2019deki \u00fcreticilerin aktard\u0131klar\u0131, g\u0131da topluluklar\u0131n\u0131n \u00f6l\u00e7eklendik\u00e7e k\u0131r\u0131lganla\u015fabildi\u011fine i\u015faret ediyor. G\u00f6kta\u015f, Antalya\u2019da benzer bir yap\u0131n\u0131n \u201c\u00e7ok kalabal\u0131kla\u015ft\u0131k\u00e7a yavrulad\u0131\u011f\u0131n\u0131\u201d, yani k\u00fc\u00e7\u00fck gruplara b\u00f6l\u00fcnmek zorunda kald\u0131\u011f\u0131n\u0131 anlat\u0131rken, bu modelin en s\u00fcrd\u00fcr\u00fclebilir halinin k\u00fc\u00e7\u00fck ve yerel \u00f6l\u00e7ekte kald\u0131\u011f\u0131nda ortaya \u00e7\u0131kt\u0131\u011f\u0131n\u0131 vurguluyor. \u00d6zellikle yerelde yeterli \u00fcretici bulunmad\u0131\u011f\u0131nda kargo s\u00fcre\u00e7lerinin devreye girmesi hem maliyetleri art\u0131r\u0131yor hem de organizasyonu zorla\u015ft\u0131r\u0131yor. Benzer \u015fekilde, hem \u00fcreticiler hem de topluluk i\u00e7inden aktar\u0131lan deneyimler, sistemin g\u00f6n\u00fcll\u00fcl\u00fck temeline dayanmas\u0131n\u0131n en kritik s\u0131n\u0131rl\u0131l\u0131klardan biri oldu\u011funu g\u00f6steriyor. T\u00fcreticiler i\u00e7in anlaml\u0131 ve d\u00f6n\u00fc\u015ft\u00fcr\u00fcc\u00fc bir deneyim olsa da, da\u011f\u0131t\u0131m, organizasyon ve lojistik s\u00fcre\u00e7lerde g\u00f6n\u00fcll\u00fc kat\u0131l\u0131m\u0131n s\u00fcreklili\u011fi her zaman sa\u011flanam\u0131yor. Bu durum, g\u0131da topluluklar\u0131n\u0131n dayan\u0131\u015fma ve g\u00fcven temelli yap\u0131s\u0131n\u0131 g\u00fc\u00e7lendirirken, ayn\u0131 zamanda s\u00fcrd\u00fcr\u00fclebilirli\u011fini zorlayan ba\u015fl\u0131ca unsurlardan biri olarak \u00f6ne \u00e7\u0131k\u0131yor. Bu deneyimler, g\u0131da topluluklar\u0131n\u0131n en s\u00fcrd\u00fcr\u00fclebilir halinin b\u00fcy\u00fcyerek merkezile\u015fmekten ziyade, farkl\u0131 b\u00f6lgelerde k\u00fc\u00e7\u00fck ve yerel yap\u0131lar halinde \u00e7o\u011falmas\u0131 oldu\u011funu g\u00f6steriyor. Ayr\u0131ca modelin s\u00fcrd\u00fcr\u00fclebilirli\u011fi b\u00fcy\u00fck \u00f6l\u00e7\u00fcde g\u00f6n\u00fcll\u00fc eme\u011fe ba\u011fl\u0131. G\u00f6n\u00fcll\u00fc kat\u0131l\u0131m\u0131n s\u00fcreklili\u011finin sa\u011flanamamas\u0131, sistemin en k\u0131r\u0131lgan noktalar\u0131ndan biri olarak \u00f6ne \u00e7\u0131k\u0131yor. T\u00fcm s\u0131n\u0131rl\u0131l\u0131klar\u0131na ra\u011fmen g\u0131da topluluklar\u0131 g\u0131daya bak\u0131\u015f\u0131m\u0131z\u0131 de\u011fi\u015ftiren \u00f6nemli bir soru soruyor: G\u0131da yaln\u0131zca sat\u0131n al\u0131nan bir \u00fcr\u00fcn m\u00fc, yoksa birlikte kurulan bir ili\u015fki mi? Bu soruya verilen yan\u0131tlar farkl\u0131 olabilir. Ancak g\u0131da topluluklar\u0131n\u0131n g\u00f6sterdi\u011fi bir \u015fey var: \u00fcretici ile t\u00fcketici aras\u0131ndaki mesafe k\u0131sald\u0131\u011f\u0131nda, g\u0131dan\u0131n de\u011feri yaln\u0131zca fiyatla \u00f6l\u00e7\u00fclmeyen bir anlam kazan\u0131yor. Dayan\u0131\u015fma kar\u0131n doyuruyor.<\/p>\n\n\n\n<p class=\"wp-block-paragraph\">Kaynak:&nbsp;<a href=\"https:\/\/gundemfethiye.com.tr\/dayanisma-karin-doyurursa-gida-topluluklari-gercek-gidaya-erisimi-nasil-mumkun-kiliyor-159640\/\" target=\"_blank\" rel=\"noreferrer noopener\">G\u00fcndem Fethiye<\/a><\/p>\n","protected":false},"excerpt":{"rendered":"<p>G\u0131da krizi bug\u00fcn herkesin do\u011frudan y\u00fczle\u015fti\u011fi bir ger\u00e7ek. Artan fiyatlar, \u00fcretim s\u00fcre\u00e7lerine dair belirsizlikler ve g\u00fcvensizlikler yaln\u0131zca g\u0131daya eri\u015fimi de\u011fil, g\u0131dadan sa\u011flanan fayday\u0131 da tart\u0131\u015fmal\u0131 hale getiriyor. Bu nedenle mesele yaln\u0131zca g\u0131daya eri\u015fim de\u011fil, nas\u0131l bir g\u0131da sistemi i\u00e7inde ya\u015fad\u0131\u011f\u0131m\u0131z sorusu haline geliyor. G\u0131da topluluklar\u0131 ise tam da bu noktada, \u00fcretici ile t\u00fcketici aras\u0131nda do\u011frudan, [&hellip;]<\/p>\n","protected":false},"author":31,"featured_media":1098,"comment_status":"closed","ping_status":"closed","sticky":false,"template":"","format":"standard","meta":{"footnotes":""},"categories":[8],"tags":[],"class_list":["post-1095","post","type-post","status-publish","format-standard","has-post-thumbnail","hentry","category-cozum-gazeteciligi"],"amp_enabled":true,"_links":{"self":[{"href":"https:\/\/newslabturkey.org\/sojo\/wp-json\/wp\/v2\/posts\/1095","targetHints":{"allow":["GET"]}}],"collection":[{"href":"https:\/\/newslabturkey.org\/sojo\/wp-json\/wp\/v2\/posts"}],"about":[{"href":"https:\/\/newslabturkey.org\/sojo\/wp-json\/wp\/v2\/types\/post"}],"author":[{"embeddable":true,"href":"https:\/\/newslabturkey.org\/sojo\/wp-json\/wp\/v2\/users\/31"}],"replies":[{"embeddable":true,"href":"https:\/\/newslabturkey.org\/sojo\/wp-json\/wp\/v2\/comments?post=1095"}],"version-history":[{"count":1,"href":"https:\/\/newslabturkey.org\/sojo\/wp-json\/wp\/v2\/posts\/1095\/revisions"}],"predecessor-version":[{"id":1096,"href":"https:\/\/newslabturkey.org\/sojo\/wp-json\/wp\/v2\/posts\/1095\/revisions\/1096"}],"wp:featuredmedia":[{"embeddable":true,"href":"https:\/\/newslabturkey.org\/sojo\/wp-json\/wp\/v2\/media\/1098"}],"wp:attachment":[{"href":"https:\/\/newslabturkey.org\/sojo\/wp-json\/wp\/v2\/media?parent=1095"}],"wp:term":[{"taxonomy":"category","embeddable":true,"href":"https:\/\/newslabturkey.org\/sojo\/wp-json\/wp\/v2\/categories?post=1095"},{"taxonomy":"post_tag","embeddable":true,"href":"https:\/\/newslabturkey.org\/sojo\/wp-json\/wp\/v2\/tags?post=1095"}],"curies":[{"name":"wp","href":"https:\/\/api.w.org\/{rel}","templated":true}]}}